{"id":20208,"date":"2024-02-29T17:43:57","date_gmt":"2024-02-29T17:43:57","guid":{"rendered":"https:\/\/regulus-waldholz.de\/?p=20208"},"modified":"2026-04-06T22:39:01","modified_gmt":"2026-04-06T22:39:01","slug":"regulus-forschung-geht-mit-fuenf-weiteren-innovationsgruppen-an-den-start","status":"publish","type":"post","link":"https:\/\/regulus-waldholz.de\/en\/regulus-forschung-geht-mit-fuenf-weiteren-innovationsgruppen-an-den-start\/","title":{"rendered":"REGULUS geht mit f\u00fcnf weiteren Innovationsgruppen an den Start"},"content":{"rendered":"<div class=\"brz-root__container brz-reset-all brz brz-root__container-page\">\n<section id=\"_khmqqyabxxpafhsboavcomfcazuvwbbnyzyn\" class=\"brz-section brz-css-1odfjzm\">\n<div class=\"brz-section__content brz-section--boxed brz-css-17rjuft brz-css-1ko0wea\" data-brz-custom-id=\"hyorlypycrpzmkxtcozkkyibeyxtwnigkfiz\">\n<div class=\"brz-container brz-css-1x4epu2\">\n<div class=\"brz-row__container brz-css-qu1x3i\" data-brz-custom-id=\"ruojctbvoyibvwfinozhvcjytsbznulyqqqu\">\n<div class=\"brz-bg\"><\/div>\n<div class=\"brz-row brz-css-djdk4u brz-css-51y10m\">\n<div class=\"brz-columns brz-css-1pa4s0e brz-css-14ph0vt\" data-brz-custom-id=\"ajfgvvvkddrikljwzphtwfnjyaoscpenvzls\">\n<div class=\"brz-bg\"><\/div>\n<div class=\"brz-column__items brz-css-kcu8fz brz-css-f7k4j5\">\n<div class=\"brz-row__container brz-css-qu1x3i\" data-brz-custom-id=\"ccomdzuftzfpkdcduscljadavbophhqgjnse\">\n<div class=\"brz-bg\"><\/div>\n<div class=\"brz-row brz-row--inner brz-css-djdk4u brz-css-sbyuvf\">\n<div class=\"brz-columns brz-css-1pa4s0e brz-css-gvaf54\" data-brz-custom-id=\"eoolqtlhapccjgwbmoeiskptpwfnyfznfxia\">\n<div class=\"brz-bg\"><\/div>\n<div class=\"brz-column__items brz-css-kcu8fz brz-css-1p6csai\">\n<div id=\"\" class=\"brz-css-o2mcsc brz-css-5ppwdl brz-wrapper\">\n<div class=\"brz-rich-text brz-rich-text__custom brz-css-17l5i4t\" data-brz-custom-id=\"askctrrzcrfmbnivpfoqiwgufwmkgzhupfxa\">\n<div data-brz-translate-text=\"1\">\n<p class=\"brz-tp-lg-paragraph brz-text-lg-left brz-text-xs-center brz-ff-vlrydgomvryeylapbxihpexweubhquwlamdc brz-ft-upload brz-fs-lg-40 brz-fss-lg-px brz-fw-lg-600 brz-ls-lg-0 brz-lh-lg-1_2 brz-css-oEuWT\" data-uniq-id=\"irfzq\" data-generated-css=\"brz-css-ysqnw\"><a class=\"brz-cp-color2 is-empty\" href=\"\" data-brz-link-type=\"page\"><u>Zur\u00fcck<\/u><\/a><\/p>\n<\/div>\n<\/div>\n<\/div>\n<div id=\"\" class=\"brz-css-o2mcsc brz-css-njhdkm brz-wrapper\">\n<div class=\"brz-spacer brz-css-1eb8c8o brz-css-131gmde\"><\/div>\n<\/div>\n<div id=\"\" class=\"brz-css-o2mcsc brz-css-1dw5c81 brz-wrapper\">\n<div class=\"brz-rich-text brz-rich-text__custom brz-css-17l5i4t\" data-brz-custom-id=\"xxeugztmaxbhonbedsvhgcituqzadcvbsonv\">\n<div data-brz-translate-text=\"1\">\n<h2 class=\"brz-text-xs-center brz-ff-vlrydgomvryeylapbxihpexweubhquwlamdc brz-ft-upload brz-fs-lg-16 brz-fss-lg-px brz-fw-lg-400 brz-ls-lg-0 brz-lh-lg-1_6 brz-text-lg-left brz-tp-lg-heading2 brz-css-uvVfi\" data-uniq-id=\"yTo_n\" data-generated-css=\"brz-css-qfBxn\"><strong class=\"brz-cp-color2\">REGULUS \u2013 Forschung geht mit f\u00fcnf weiteren Innovationsgruppen an den Start<\/strong><\/h2>\n<\/div>\n<\/div>\n<\/div>\n<\/div>\n<\/div>\n<\/div>\n<\/div>\n<div id=\"\" class=\"brz-css-o2mcsc brz-css-njhdkm brz-wrapper\">\n<div class=\"brz-spacer brz-css-1eb8c8o brz-css-rkfe7f\"><\/div>\n<\/div>\n<\/div>\n<\/div>\n<\/div>\n<\/div>\n<div class=\"brz-row__container brz-css-qu1x3i\" data-brz-custom-id=\"bakhvwihtxiegvgreuxcugzorwxkodlwmtmm\">\n<div class=\"brz-bg\"><\/div>\n<div class=\"brz-row brz-css-djdk4u brz-css-6mmjtg\">\n<div class=\"brz-columns brz-css-1pa4s0e brz-css-1vmr9qt\" data-brz-custom-id=\"hkreknfwmgwakgxcotcawjgzuldfjsaznfzm\">\n<div class=\"brz-bg\"><\/div>\n<div class=\"brz-column__items brz-css-kcu8fz brz-css-v0qrlj\">\n<div id=\"\" class=\"brz-css-o2mcsc brz-wrapper\">\n<div class=\"brz-image brz-css-q8br3e\" data-brz-custom-id=\"fuaM6FKoEljF\"><img decoding=\"async\" class=\"brz-img lazyload\" data-src=\"https:\/\/regulus-waldholz.de\/wp-content\/uploads\/brizy\/imgs\/PM_HZB_20240308-1012x665x0x0x1012x336x1718281453.png\" alt=\"\" src=\"data:image\/svg+xml;base64,PHN2ZyB3aWR0aD0iMSIgaGVpZ2h0PSIxIiB4bWxucz0iaHR0cDovL3d3dy53My5vcmcvMjAwMC9zdmciPjwvc3ZnPg==\" style=\"--smush-placeholder-width: 1012px; --smush-placeholder-aspect-ratio: 1012\/336;\"><\/div>\n<\/div>\n<div id=\"\" class=\"brz-css-o2mcsc brz-css-njhdkm brz-wrapper\">\n<div class=\"brz-spacer brz-css-1eb8c8o brz-css-6idt1h\"><\/div>\n<\/div>\n<div id=\"\" class=\"brz-css-o2mcsc brz-css-1n63fl9 brz-wrapper\">\n<div class=\"brz-rich-text brz-rich-text__custom brz-css-17l5i4t\" data-brz-custom-id=\"zhcepxgamsgyrflqgflsmwpsylklqaowusqg\">\n<div data-brz-translate-text=\"1\">\n<p class=\"brz-tp-lg-kjaurkgigwojmsxotpballhnodyrnrsgipoe brz-css-kz4NE\" data-uniq-id=\"uDpIt\" data-generated-css=\"brz-css-ipmFQ\">Alle zehn REGULUS-Innovationsgruppen forschen f\u00fcr eine klimasch\u00fctzende Wald- und Holzwirtschaft<\/p>\n<\/div>\n<\/div>\n<\/div>\n<\/div>\n<\/div>\n<div class=\"brz-columns brz-css-1pa4s0e brz-css-q7vnh1\" data-brz-custom-id=\"ljntshoappvexeqbsgjkarooxmwbjujvejoc\">\n<div class=\"brz-bg\"><\/div>\n<div class=\"brz-column__items brz-css-kcu8fz brz-css-1tai875\">\n<div id=\"\" class=\"brz-css-o2mcsc brz-css-6iuzul brz-wrapper\">\n<div class=\"brz-rich-text brz-rich-text__custom brz-css-17l5i4t\" data-brz-custom-id=\"zcbvleltitpwpylfprxqbcikebzeeguoflws\">\n<div data-brz-translate-text=\"1\">\n<h4 class=\"brz-text-lg-right brz-tp-lg-heading4 brz-text-xs-center brz-css-oTYoN\" data-generated-css=\"brz-css-tvhxu\" data-uniq-id=\"tqcmh\"><span class=\"brz-cp-color2\">Artikelinfo<\/span><\/h4>\n<\/div>\n<\/div>\n<\/div>\n<div id=\"\" class=\"brz-css-o2mcsc brz-css-njhdkm brz-wrapper\">\n<div class=\"brz-spacer brz-css-1eb8c8o brz-css-tquan4\"><\/div>\n<\/div>\n<div id=\"\" class=\"brz-css-o2mcsc brz-css-mc3twq brz-wrapper\">\n<div class=\"brz-rich-text brz-rich-text__custom brz-css-17l5i4t\" data-brz-custom-id=\"upftqycymxmcldathxdtxrgkqefawfqbbcnj\">\n<div data-brz-translate-text=\"1\">\n<p class=\"brz-text-xs-center brz-text-lg-right brz-tp-lg-paragraph brz-css-apiw2\" data-uniq-id=\"cf5Vc\" data-generated-css=\"brz-css-kwDX9\"><span class=\"brz-cp-color2\">Foto<\/span><\/p>\n<p class=\"brz-text-xs-center brz-text-lg-right brz-tp-lg-paragraph brz-css-pM5Zl\" data-uniq-id=\"vprLl\" data-generated-css=\"brz-css-dDvem\">Andy Selter<\/p>\n<p class=\"brz-text-xs-center brz-text-lg-right brz-tp-lg-paragraph brz-css-xiT71\" data-uniq-id=\"epnZI\" data-generated-css=\"brz-css-vkeva\"><\/p>\n<p class=\"brz-text-xs-center brz-text-lg-right brz-tp-lg-paragraph brz-css-sP75U\" data-uniq-id=\"wFSuk\" data-generated-css=\"brz-css-vW0ZL\"><span class=\"brz-cp-color2\">Erstellt<\/span><\/p>\n<p class=\"brz-text-xs-center brz-text-lg-right brz-tp-lg-paragraph brz-css-tsvcW\" data-uniq-id=\"p9D1Q\" data-generated-css=\"brz-css-hsVmg\"><span class=\"brz-cp-color2\">29.02.2024<\/span><\/p>\n<\/div>\n<\/div>\n<\/div>\n<div id=\"\" class=\"brz-css-o2mcsc brz-css-njhdkm brz-wrapper\">\n<div class=\"brz-spacer brz-css-1eb8c8o brz-css-rhzemc\"><\/div>\n<\/div>\n<div id=\"\" class=\"brz-css-o2mcsc brz-css-1jpph6l brz-wrapper\">\n<div class=\"brz-rich-text brz-rich-text__custom brz-css-17l5i4t\" data-brz-custom-id=\"ypdhcqopuectkoevvviqbrgjoasjavteeelf\">\n<div data-brz-translate-text=\"1\">\n<p class=\"brz-text-xs-center brz-tp-lg-paragraph brz-text-lg-right brz-css-ozglA\" data-generated-css=\"brz-css-upomH\" data-uniq-id=\"ozinq\">Pressemitteilung<\/p>\n<\/div>\n<\/div>\n<\/div>\n<\/div>\n<\/div>\n<\/div>\n<\/div>\n<div id=\"\" class=\"brz-css-o2mcsc brz-css-njhdkm brz-wrapper\">\n<div class=\"brz-spacer brz-css-1eb8c8o brz-css-gpxyog\"><\/div>\n<\/div>\n<div class=\"brz-row__container brz-css-qu1x3i\" data-brz-custom-id=\"vuzjextrzfeqwhzqqwcqllvasohfivlsktfi\">\n<div class=\"brz-bg\"><\/div>\n<div class=\"brz-row brz-css-djdk4u brz-css-1kbexl2\">\n<div class=\"brz-columns brz-css-1pa4s0e\" data-brz-custom-id=\"bpxemxhjcbmqqidgcxxyntxdoilrkaofjfgw\">\n<div class=\"brz-bg\"><\/div>\n<div class=\"brz-column__items brz-css-kcu8fz brz-css-ljxqaa\">\n<div id=\"\" class=\"brz-css-o2mcsc brz-css-yroakt brz-wrapper\">\n<div class=\"brz-rich-text brz-rich-text__custom brz-css-17l5i4t\" data-brz-custom-id=\"jctvwvchqjmokhaqisaqblzwpcvgxzoloxwr\">\n<div data-brz-translate-text=\"1\">\n<p class=\"brz-text-xs-center brz-tp-lg-paragraph brz-css-lHUch\" data-uniq-id=\"tqQDF\" data-generated-css=\"brz-css-hrr5B\"><span class=\"brz-cp-color7\">Im Februar 2024 konnten zus\u00e4tzlich zu den im vergangenen Jahr begonnenen Vorhaben f\u00fcnf weitere Innovationsgruppen Ihre Arbeit aufnehmen. Unter dem REGULUS-Dach forschen damit insgesamt zehn regionale Forschungscluster mit jeweils f\u00fcnfj\u00e4hriger Laufzeit und unterschiedlicher Schwerpunktsetzung f\u00fcr zuk\u00fcnftige Strategien einer klimasch\u00fctzenden Wald- und Holzwirtschaft. Neu im REGULUS-Wald sind folgende Innovationsgruppen: <\/span><\/p>\n<p class=\"brz-text-xs-center brz-tp-lg-paragraph brz-css-zIURZ\" data-uniq-id=\"q4W0W\" data-generated-css=\"brz-css-c5bIi\"><span class=\"brz-cp-color7\">The regional study of the Harz, abbreviated REHA, develops scenarios for reforestation to guide the region from an acute crisis to an ecologically and socioeconomically sustainable future. <\/span><\/p>\n<p class=\"brz-text-xs-center brz-tp-lg-paragraph brz-css-uLckB\" data-uniq-id=\"wFaFb\" data-generated-css=\"brz-css-evxiU\"><span class=\"brz-cp-color7\">Die REGULUS-Innovationsgruppe \u201eReForm-regioWald\u201c forscht an resilienten Forst-\/Offenland-Systemen f\u00fcr eine multifunktionale regional angepasste Wald-Bio\u00f6konomie in der Region S\u00fcdwestfalen. <\/span><\/p>\n<p class=\"brz-text-xs-center brz-tp-lg-paragraph brz-css-oFuGm\" data-uniq-id=\"iotuE\" data-generated-css=\"brz-css-kF2nA\"><span class=\"brz-cp-color7\">The project LabForest uses the opportunities provided by the university forest at LMU Munich as a living lab to compare effects of different management strategies on forestry and wood industry in connection with climate risks. Additionally, the project also assess the impacts of climate risks on biodiversity and key ecosystem services.<\/span><\/p>\n<\/div>\n<\/div>\n<\/div>\n<\/div>\n<\/div>\n<div class=\"brz-columns brz-css-1pa4s0e\" data-brz-custom-id=\"hoqqncgrrbmhkcdhpsboaongwoqpxrcndqgv\">\n<div class=\"brz-bg\"><\/div>\n<div class=\"brz-column__items brz-css-kcu8fz brz-css-rjto41\">\n<div id=\"\" class=\"brz-css-o2mcsc brz-css-14kzo3f brz-wrapper\">\n<div class=\"brz-rich-text brz-rich-text__custom brz-css-17l5i4t\" data-brz-custom-id=\"onpzddjgzfslkxfimsvbecditrplkecumzzy\">\n<div data-brz-translate-text=\"1\">\n<p class=\"brz-text-xs-center brz-tp-lg-paragraph brz-css-wF4c8\" data-uniq-id=\"fAJur\" data-generated-css=\"brz-css-s1ljm\"><span class=\"brz-cp-color7\"> Revitalisierte Auw\u00e4lder, deren Dynamik und Resilienz werden im Projekt \u201eA-DUR\u201c erforscht. Im Mittelpunkt steht die Frage, wie sich die Nutzungs\u00e4nderung an der Mittleren Isar auf Natur und Gesellschaft auswirkt. Davon ausgehend werden evidenzbasierte Handlungsempfehlungen f\u00fcr das Management von ballungsraumnahen Auwaldgebieten abgeleitet.<\/span><\/p>\n<p class=\"brz-text-xs-center brz-tp-lg-paragraph brz-css-au0eY\" data-uniq-id=\"yghG6\" data-generated-css=\"brz-css-wdWTM\"><span class=\"brz-cp-color7\"> Die REGULUS-Innovationsgruppe \u201eURBORETUM\u201c erforscht die Rolle von urbanen W\u00e4ldern f\u00fcr die spezifischen Funktions- und Lebensbereiche einer Stadt. Die Entwicklung resilienter Stadtw\u00e4lder im Klimawandel, die vielf\u00e4ltige \u00d6kosystemleistungen f\u00fcr die B\u00fcrgerinnen und B\u00fcrger eines dicht besiedelten Raumes erbringen steht im Vordergrund.<\/span><\/p>\n<p class=\"brz-text-xs-center brz-tp-lg-paragraph brz-css-tRc7O\" data-uniq-id=\"b5Nof\" data-generated-css=\"brz-css-ljZNP\"><span class=\"brz-cp-color7\"> <\/span><\/p>\n<p class=\"brz-text-xs-center brz-tp-lg-paragraph brz-css-tFIZX\" data-uniq-id=\"b5Nof\" data-generated-css=\"brz-css-ljZNP\"><span class=\"brz-cp-color7\">Um die Transformationsprozesse in der Wald- und Holzwirtschaft besser gestalten zu k\u00f6nnen und die Akzeptanz der REGULUS-Innovationen auf einer breiten Basis zu sichern, gehen auch in den neuen REGULUS-Projekten natur-, ingenieur- und sozialwissenschaftliche Forschung Hand in Hand mit transdisziplin\u00e4ren Beteiligungsprozessen.<\/span><\/p>\n<\/div>\n<\/div>\n<\/div>\n<\/div>\n<\/div>\n<\/div>\n<\/div>\n<\/div>\n<\/div>\n<\/section>\n<\/div>\n<p>    <!-- version:1737006648 --><\/p>","protected":false},"excerpt":{"rendered":"<p>Zur\u00fcck REGULUS \u2013 Forschung geht mit f\u00fcnf weiteren Innovationsgruppen an den Start Alle zehn REGULUS-Innovationsgruppen forschen f\u00fcr eine klimasch\u00fctzende Wald- und Holzwirtschaft Artikelinfo Foto Andy Selter Erstellt 29.02.2024 Pressemitteilung Im Februar 2024 konnten zus\u00e4tzlich zu den im vergangenen Jahr begonnenen Vorhaben f\u00fcnf weitere Innovationsgruppen Ihre Arbeit aufnehmen. Unter dem REGULUS-Dach forschen damit insgesamt zehn regionale [&hellip;]<\/p>\n","protected":false},"author":8,"featured_media":22280,"comment_status":"open","ping_status":"open","sticky":false,"template":"brizy-blank-template.php","format":"standard","meta":{"footnotes":""},"categories":[1],"tags":[],"class_list":["post-20208","post","type-post","status-publish","format-standard","has-post-thumbnail","hentry","category-uncategorized","entry","has-media"],"yoast_head":"<!-- This site is optimized with the Yoast SEO plugin v27.5 - https:\/\/yoast.com\/product\/yoast-seo-wordpress\/ -->\n<title>REGULUS geht mit f\u00fcnf weiteren Innovationsgruppen an den Start | REGULUS<\/title>\n<meta name=\"robots\" content=\"index, follow, max-snippet:-1, max-image-preview:large, max-video-preview:-1\" \/>\n<link rel=\"canonical\" href=\"https:\/\/regulus-waldholz.de\/en\/regulus-forschung-geht-mit-fuenf-weiteren-innovationsgruppen-an-den-start\/\" \/>\n<meta property=\"og:locale\" content=\"en_GB\" \/>\n<meta property=\"og:type\" content=\"article\" \/>\n<meta property=\"og:title\" content=\"REGULUS geht mit f\u00fcnf weiteren Innovationsgruppen an den Start | REGULUS\" \/>\n<meta property=\"og:description\" content=\"Zur\u00fcck REGULUS \u2013 Forschung geht mit f\u00fcnf weiteren Innovationsgruppen an den Start Alle zehn REGULUS-Innovationsgruppen forschen f\u00fcr eine klimasch\u00fctzende Wald- und Holzwirtschaft Artikelinfo Foto Andy Selter Erstellt 29.02.2024 Pressemitteilung Im Februar 2024 konnten zus\u00e4tzlich zu den im vergangenen Jahr begonnenen Vorhaben f\u00fcnf weitere Innovationsgruppen Ihre Arbeit aufnehmen. Unter dem REGULUS-Dach forschen damit insgesamt zehn regionale [&hellip;]\" \/>\n<meta property=\"og:url\" content=\"https:\/\/regulus-waldholz.de\/en\/regulus-forschung-geht-mit-fuenf-weiteren-innovationsgruppen-an-den-start\/\" \/>\n<meta property=\"og:site_name\" content=\"REGULUS\" \/>\n<meta property=\"article:published_time\" content=\"2024-02-29T17:43:57+00:00\" \/>\n<meta property=\"article:modified_time\" content=\"2026-04-06T22:39:01+00:00\" \/>\n<meta property=\"og:image\" content=\"https:\/\/regulus-waldholz.de\/wp-content\/uploads\/2024\/03\/PM_HZB_20240308.png\" \/>\n\t<meta property=\"og:image:width\" content=\"2611\" \/>\n\t<meta property=\"og:image:height\" content=\"1715\" \/>\n\t<meta property=\"og:image:type\" content=\"image\/png\" \/>\n<meta name=\"author\" content=\"Andy Selter\" \/>\n<meta name=\"twitter:card\" content=\"summary_large_image\" \/>\n<meta name=\"twitter:label1\" content=\"Written by\" \/>\n\t<meta name=\"twitter:data1\" content=\"Andy Selter\" \/>\n\t<meta name=\"twitter:label2\" content=\"Estimated reading time\" \/>\n\t<meta name=\"twitter:data2\" content=\"2 minutes\" \/>\n<script type=\"application\/ld+json\" class=\"yoast-schema-graph\">{\"@context\":\"https:\\\/\\\/schema.org\",\"@graph\":[{\"@type\":\"Article\",\"@id\":\"https:\\\/\\\/regulus-waldholz.de\\\/regulus-forschung-geht-mit-fuenf-weiteren-innovationsgruppen-an-den-start\\\/#article\",\"isPartOf\":{\"@id\":\"https:\\\/\\\/regulus-waldholz.de\\\/regulus-forschung-geht-mit-fuenf-weiteren-innovationsgruppen-an-den-start\\\/\"},\"author\":{\"name\":\"Andy Selter\",\"@id\":\"https:\\\/\\\/regulus-waldholz.de\\\/#\\\/schema\\\/person\\\/85745b95f2a2a84fd8c7f3b288f689a2\"},\"headline\":\"REGULUS geht mit f\u00fcnf weiteren Innovationsgruppen an den Start\",\"datePublished\":\"2024-02-29T17:43:57+00:00\",\"dateModified\":\"2026-04-06T22:39:01+00:00\",\"mainEntityOfPage\":{\"@id\":\"https:\\\/\\\/regulus-waldholz.de\\\/regulus-forschung-geht-mit-fuenf-weiteren-innovationsgruppen-an-den-start\\\/\"},\"wordCount\":318,\"commentCount\":0,\"publisher\":{\"@id\":\"https:\\\/\\\/regulus-waldholz.de\\\/#organization\"},\"image\":{\"@id\":\"https:\\\/\\\/regulus-waldholz.de\\\/regulus-forschung-geht-mit-fuenf-weiteren-innovationsgruppen-an-den-start\\\/#primaryimage\"},\"thumbnailUrl\":\"https:\\\/\\\/regulus-waldholz.de\\\/wp-content\\\/uploads\\\/2024\\\/03\\\/PM_HZB_20240308.png\",\"articleSection\":[\"Uncategorized\"],\"inLanguage\":\"en-GB\",\"potentialAction\":[{\"@type\":\"CommentAction\",\"name\":\"Comment\",\"target\":[\"https:\\\/\\\/regulus-waldholz.de\\\/regulus-forschung-geht-mit-fuenf-weiteren-innovationsgruppen-an-den-start\\\/#respond\"]}]},{\"@type\":\"WebPage\",\"@id\":\"https:\\\/\\\/regulus-waldholz.de\\\/regulus-forschung-geht-mit-fuenf-weiteren-innovationsgruppen-an-den-start\\\/\",\"url\":\"https:\\\/\\\/regulus-waldholz.de\\\/regulus-forschung-geht-mit-fuenf-weiteren-innovationsgruppen-an-den-start\\\/\",\"name\":\"REGULUS geht mit f\u00fcnf weiteren Innovationsgruppen an den Start | REGULUS\",\"isPartOf\":{\"@id\":\"https:\\\/\\\/regulus-waldholz.de\\\/#website\"},\"primaryImageOfPage\":{\"@id\":\"https:\\\/\\\/regulus-waldholz.de\\\/regulus-forschung-geht-mit-fuenf-weiteren-innovationsgruppen-an-den-start\\\/#primaryimage\"},\"image\":{\"@id\":\"https:\\\/\\\/regulus-waldholz.de\\\/regulus-forschung-geht-mit-fuenf-weiteren-innovationsgruppen-an-den-start\\\/#primaryimage\"},\"thumbnailUrl\":\"https:\\\/\\\/regulus-waldholz.de\\\/wp-content\\\/uploads\\\/2024\\\/03\\\/PM_HZB_20240308.png\",\"datePublished\":\"2024-02-29T17:43:57+00:00\",\"dateModified\":\"2026-04-06T22:39:01+00:00\",\"breadcrumb\":{\"@id\":\"https:\\\/\\\/regulus-waldholz.de\\\/regulus-forschung-geht-mit-fuenf-weiteren-innovationsgruppen-an-den-start\\\/#breadcrumb\"},\"inLanguage\":\"en-GB\",\"potentialAction\":[{\"@type\":\"ReadAction\",\"target\":[\"https:\\\/\\\/regulus-waldholz.de\\\/regulus-forschung-geht-mit-fuenf-weiteren-innovationsgruppen-an-den-start\\\/\"]}]},{\"@type\":\"ImageObject\",\"inLanguage\":\"en-GB\",\"@id\":\"https:\\\/\\\/regulus-waldholz.de\\\/regulus-forschung-geht-mit-fuenf-weiteren-innovationsgruppen-an-den-start\\\/#primaryimage\",\"url\":\"https:\\\/\\\/regulus-waldholz.de\\\/wp-content\\\/uploads\\\/2024\\\/03\\\/PM_HZB_20240308.png\",\"contentUrl\":\"https:\\\/\\\/regulus-waldholz.de\\\/wp-content\\\/uploads\\\/2024\\\/03\\\/PM_HZB_20240308.png\",\"width\":2611,\"height\":1715,\"caption\":\"Beitrag_Neue_Innovationsgruppen.png\"},{\"@type\":\"BreadcrumbList\",\"@id\":\"https:\\\/\\\/regulus-waldholz.de\\\/regulus-forschung-geht-mit-fuenf-weiteren-innovationsgruppen-an-den-start\\\/#breadcrumb\",\"itemListElement\":[{\"@type\":\"ListItem\",\"position\":1,\"name\":\"Startseite\",\"item\":\"https:\\\/\\\/regulus-waldholz.de\\\/\"},{\"@type\":\"ListItem\",\"position\":2,\"name\":\"REGULUS geht mit f\u00fcnf weiteren Innovationsgruppen an den Start\"}]},{\"@type\":\"WebSite\",\"@id\":\"https:\\\/\\\/regulus-waldholz.de\\\/#website\",\"url\":\"https:\\\/\\\/regulus-waldholz.de\\\/\",\"name\":\"REGULUS\",\"description\":\"Offizielle Seite des REGULUS-Projekts\",\"publisher\":{\"@id\":\"https:\\\/\\\/regulus-waldholz.de\\\/#organization\"},\"potentialAction\":[{\"@type\":\"SearchAction\",\"target\":{\"@type\":\"EntryPoint\",\"urlTemplate\":\"https:\\\/\\\/regulus-waldholz.de\\\/?s={search_term_string}\"},\"query-input\":{\"@type\":\"PropertyValueSpecification\",\"valueRequired\":true,\"valueName\":\"search_term_string\"}}],\"inLanguage\":\"en-GB\"},{\"@type\":\"Organization\",\"@id\":\"https:\\\/\\\/regulus-waldholz.de\\\/#organization\",\"name\":\"REGULUS\",\"url\":\"https:\\\/\\\/regulus-waldholz.de\\\/\",\"logo\":{\"@type\":\"ImageObject\",\"inLanguage\":\"en-GB\",\"@id\":\"https:\\\/\\\/regulus-waldholz.de\\\/#\\\/schema\\\/logo\\\/image\\\/\",\"url\":\"\",\"contentUrl\":\"\",\"caption\":\"REGULUS\"},\"image\":{\"@id\":\"https:\\\/\\\/regulus-waldholz.de\\\/#\\\/schema\\\/logo\\\/image\\\/\"}},{\"@type\":\"Person\",\"@id\":\"https:\\\/\\\/regulus-waldholz.de\\\/#\\\/schema\\\/person\\\/85745b95f2a2a84fd8c7f3b288f689a2\",\"name\":\"Andy Selter\",\"image\":{\"@type\":\"ImageObject\",\"inLanguage\":\"en-GB\",\"@id\":\"https:\\\/\\\/secure.gravatar.com\\\/avatar\\\/265e43aa4e9ed4edfb70dbd38a5743258070603a4d4e73df5f017740821e6c4f?s=96&d=mm&r=g\",\"url\":\"https:\\\/\\\/secure.gravatar.com\\\/avatar\\\/265e43aa4e9ed4edfb70dbd38a5743258070603a4d4e73df5f017740821e6c4f?s=96&d=mm&r=g\",\"contentUrl\":\"https:\\\/\\\/secure.gravatar.com\\\/avatar\\\/265e43aa4e9ed4edfb70dbd38a5743258070603a4d4e73df5f017740821e6c4f?s=96&d=mm&r=g\",\"caption\":\"Andy Selter\"}}]}<\/script>\n<!-- \/ Yoast SEO plugin. -->","yoast_head_json":{"title":"REGULUS geht mit f\u00fcnf weiteren Innovationsgruppen an den Start | REGULUS","robots":{"index":"index","follow":"follow","max-snippet":"max-snippet:-1","max-image-preview":"max-image-preview:large","max-video-preview":"max-video-preview:-1"},"canonical":"https:\/\/regulus-waldholz.de\/en\/regulus-forschung-geht-mit-fuenf-weiteren-innovationsgruppen-an-den-start\/","og_locale":"en_GB","og_type":"article","og_title":"REGULUS geht mit f\u00fcnf weiteren Innovationsgruppen an den Start | REGULUS","og_description":"Zur\u00fcck REGULUS \u2013 Forschung geht mit f\u00fcnf weiteren Innovationsgruppen an den Start Alle zehn REGULUS-Innovationsgruppen forschen f\u00fcr eine klimasch\u00fctzende Wald- und Holzwirtschaft Artikelinfo Foto Andy Selter Erstellt 29.02.2024 Pressemitteilung Im Februar 2024 konnten zus\u00e4tzlich zu den im vergangenen Jahr begonnenen Vorhaben f\u00fcnf weitere Innovationsgruppen Ihre Arbeit aufnehmen. Unter dem REGULUS-Dach forschen damit insgesamt zehn regionale [&hellip;]","og_url":"https:\/\/regulus-waldholz.de\/en\/regulus-forschung-geht-mit-fuenf-weiteren-innovationsgruppen-an-den-start\/","og_site_name":"REGULUS","article_published_time":"2024-02-29T17:43:57+00:00","article_modified_time":"2026-04-06T22:39:01+00:00","og_image":[{"width":2611,"height":1715,"url":"https:\/\/regulus-waldholz.de\/wp-content\/uploads\/2024\/03\/PM_HZB_20240308.png","type":"image\/png"}],"author":"Andy Selter","twitter_card":"summary_large_image","twitter_misc":{"Written by":"Andy Selter","Estimated reading time":"2 minutes"},"schema":{"@context":"https:\/\/schema.org","@graph":[{"@type":"Article","@id":"https:\/\/regulus-waldholz.de\/regulus-forschung-geht-mit-fuenf-weiteren-innovationsgruppen-an-den-start\/#article","isPartOf":{"@id":"https:\/\/regulus-waldholz.de\/regulus-forschung-geht-mit-fuenf-weiteren-innovationsgruppen-an-den-start\/"},"author":{"name":"Andy Selter","@id":"https:\/\/regulus-waldholz.de\/#\/schema\/person\/85745b95f2a2a84fd8c7f3b288f689a2"},"headline":"REGULUS geht mit f\u00fcnf weiteren Innovationsgruppen an den Start","datePublished":"2024-02-29T17:43:57+00:00","dateModified":"2026-04-06T22:39:01+00:00","mainEntityOfPage":{"@id":"https:\/\/regulus-waldholz.de\/regulus-forschung-geht-mit-fuenf-weiteren-innovationsgruppen-an-den-start\/"},"wordCount":318,"commentCount":0,"publisher":{"@id":"https:\/\/regulus-waldholz.de\/#organization"},"image":{"@id":"https:\/\/regulus-waldholz.de\/regulus-forschung-geht-mit-fuenf-weiteren-innovationsgruppen-an-den-start\/#primaryimage"},"thumbnailUrl":"https:\/\/regulus-waldholz.de\/wp-content\/uploads\/2024\/03\/PM_HZB_20240308.png","articleSection":["Uncategorized"],"inLanguage":"en-GB","potentialAction":[{"@type":"CommentAction","name":"Comment","target":["https:\/\/regulus-waldholz.de\/regulus-forschung-geht-mit-fuenf-weiteren-innovationsgruppen-an-den-start\/#respond"]}]},{"@type":"WebPage","@id":"https:\/\/regulus-waldholz.de\/regulus-forschung-geht-mit-fuenf-weiteren-innovationsgruppen-an-den-start\/","url":"https:\/\/regulus-waldholz.de\/regulus-forschung-geht-mit-fuenf-weiteren-innovationsgruppen-an-den-start\/","name":"REGULUS geht mit f\u00fcnf weiteren Innovationsgruppen an den Start | REGULUS","isPartOf":{"@id":"https:\/\/regulus-waldholz.de\/#website"},"primaryImageOfPage":{"@id":"https:\/\/regulus-waldholz.de\/regulus-forschung-geht-mit-fuenf-weiteren-innovationsgruppen-an-den-start\/#primaryimage"},"image":{"@id":"https:\/\/regulus-waldholz.de\/regulus-forschung-geht-mit-fuenf-weiteren-innovationsgruppen-an-den-start\/#primaryimage"},"thumbnailUrl":"https:\/\/regulus-waldholz.de\/wp-content\/uploads\/2024\/03\/PM_HZB_20240308.png","datePublished":"2024-02-29T17:43:57+00:00","dateModified":"2026-04-06T22:39:01+00:00","breadcrumb":{"@id":"https:\/\/regulus-waldholz.de\/regulus-forschung-geht-mit-fuenf-weiteren-innovationsgruppen-an-den-start\/#breadcrumb"},"inLanguage":"en-GB","potentialAction":[{"@type":"ReadAction","target":["https:\/\/regulus-waldholz.de\/regulus-forschung-geht-mit-fuenf-weiteren-innovationsgruppen-an-den-start\/"]}]},{"@type":"ImageObject","inLanguage":"en-GB","@id":"https:\/\/regulus-waldholz.de\/regulus-forschung-geht-mit-fuenf-weiteren-innovationsgruppen-an-den-start\/#primaryimage","url":"https:\/\/regulus-waldholz.de\/wp-content\/uploads\/2024\/03\/PM_HZB_20240308.png","contentUrl":"https:\/\/regulus-waldholz.de\/wp-content\/uploads\/2024\/03\/PM_HZB_20240308.png","width":2611,"height":1715,"caption":"Beitrag_Neue_Innovationsgruppen.png"},{"@type":"BreadcrumbList","@id":"https:\/\/regulus-waldholz.de\/regulus-forschung-geht-mit-fuenf-weiteren-innovationsgruppen-an-den-start\/#breadcrumb","itemListElement":[{"@type":"ListItem","position":1,"name":"Startseite","item":"https:\/\/regulus-waldholz.de\/"},{"@type":"ListItem","position":2,"name":"REGULUS geht mit f\u00fcnf weiteren Innovationsgruppen an den Start"}]},{"@type":"WebSite","@id":"https:\/\/regulus-waldholz.de\/#website","url":"https:\/\/regulus-waldholz.de\/","name":"REGULUS","description":"Offizielle Seite des REGULUS-Projekts","publisher":{"@id":"https:\/\/regulus-waldholz.de\/#organization"},"potentialAction":[{"@type":"SearchAction","target":{"@type":"EntryPoint","urlTemplate":"https:\/\/regulus-waldholz.de\/?s={search_term_string}"},"query-input":{"@type":"PropertyValueSpecification","valueRequired":true,"valueName":"search_term_string"}}],"inLanguage":"en-GB"},{"@type":"Organization","@id":"https:\/\/regulus-waldholz.de\/#organization","name":"REGULUS","url":"https:\/\/regulus-waldholz.de\/","logo":{"@type":"ImageObject","inLanguage":"en-GB","@id":"https:\/\/regulus-waldholz.de\/#\/schema\/logo\/image\/","url":"","contentUrl":"","caption":"REGULUS"},"image":{"@id":"https:\/\/regulus-waldholz.de\/#\/schema\/logo\/image\/"}},{"@type":"Person","@id":"https:\/\/regulus-waldholz.de\/#\/schema\/person\/85745b95f2a2a84fd8c7f3b288f689a2","name":"Andy Selter","image":{"@type":"ImageObject","inLanguage":"en-GB","@id":"https:\/\/secure.gravatar.com\/avatar\/265e43aa4e9ed4edfb70dbd38a5743258070603a4d4e73df5f017740821e6c4f?s=96&d=mm&r=g","url":"https:\/\/secure.gravatar.com\/avatar\/265e43aa4e9ed4edfb70dbd38a5743258070603a4d4e73df5f017740821e6c4f?s=96&d=mm&r=g","contentUrl":"https:\/\/secure.gravatar.com\/avatar\/265e43aa4e9ed4edfb70dbd38a5743258070603a4d4e73df5f017740821e6c4f?s=96&d=mm&r=g","caption":"Andy Selter"}}]}},"brizy_media":[{"id":5951,"url":"https:\/\/regulus-waldholz.de\/wp-content\/uploads\/2023\/11\/REG-21_Illustration_Innovationsgruppen.png","name":"REG-21_Illustration_Innovationsgruppen.png","meta":{"brizy_attachment_uid":"wp-d00588b4e28b6ab56a542b996c3da60a.png","brizy_post_uid":["8391218801fc8603de84746e4dc76b77","32ddc7bb274f82262ebac30c95a89f42","12c97f64bd25c3744aa4cf990434ec99","8ce528094c4eaffe4c21be82ee803c8a","deff2c89464ea65532093109351bf978"]}},{"id":18767,"url":"https:\/\/regulus-waldholz.de\/wp-content\/uploads\/2024\/01\/20230918_Plenumfragen_01-1.jpg","name":"20230918_Plenumfragen_01-1.jpg","meta":{"brizy_attachment_uid":"wp-fc64e576c5648f29ceb2272b53f3900b.jpg","brizy_post_uid":["fa7e3a262c140959998d38cc206491dd","8ce528094c4eaffe4c21be82ee803c8a","deff2c89464ea65532093109351bf978"]}},{"id":22280,"url":"https:\/\/regulus-waldholz.de\/wp-content\/uploads\/2024\/03\/PM_HZB_20240308.png","name":"PM_HZB_20240308.png","meta":{"brizy_attachment_uid":"wp-fc37d0dfaa5102ed279360989df1c0c1.png","brizy_post_uid":["8391218801fc8603de84746e4dc76b77","deff2c89464ea65532093109351bf978"]}},{"id":24663,"url":"https:\/\/regulus-waldholz.de\/wp-content\/uploads\/2024\/06\/20230918_Kennenlernaktivitaet_05.jpg","name":"20230918_Kennenlernaktivitaet_05.jpg","meta":{"brizy_attachment_uid":"wp-ae059f574770c576f3f636340ca07e11.jpg","brizy_post_uid":["deff2c89464ea65532093109351bf978"]}},{"id":24743,"url":"https:\/\/regulus-waldholz.de\/wp-content\/uploads\/2024\/06\/Keypicture_Haende_Team-scaled-e1717584918495.jpeg","name":"Keypicture_Haende_Team.jpeg","meta":{"brizy_attachment_uid":"wp-2f4b44bddc12fe939992f480a60f450c.jpeg","brizy_post_uid":["deff2c89464ea65532093109351bf978"]}},{"id":26485,"url":"https:\/\/regulus-waldholz.de\/wp-content\/uploads\/2024\/08\/IUFRO_Praesidentin_Daniela_Kleinschmit.jpg","name":"IUFRO_Praesidentin_Daniela_Kleinschmit.jpg","meta":{"brizy_attachment_uid":"wp-09d4ed9275474fece87977d81512d15a.jpg","brizy_post_uid":["deff2c89464ea65532093109351bf978","8391218801fc8603de84746e4dc76b77"]}},{"id":26534,"url":"https:\/\/regulus-waldholz.de\/wp-content\/uploads\/2024\/08\/REGULUS_IUFRO_Gruppenbild.jpg","name":"REGULUS_IUFRO_Gruppenbild.jpg","meta":{"brizy_attachment_uid":"wp-19f9c49a2d5a68ddb8f837dd5887d6a9.jpg","brizy_post_uid":["deff2c89464ea65532093109351bf978","8391218801fc8603de84746e4dc76b77"]}},{"id":26547,"url":"https:\/\/regulus-waldholz.de\/wp-content\/uploads\/2024\/08\/Aktuelles_Forum_QST.png","name":"Aktuelles_Forum_QST.png","meta":{"brizy_attachment_uid":"wp-74f39b9b9c9904426284638868ff944e.png","brizy_post_uid":["deff2c89464ea65532093109351bf978"]}},{"id":26773,"url":"https:\/\/regulus-waldholz.de\/wp-content\/uploads\/2024\/08\/Beitrag_Statuskonferenz_2023.jpg.jpg","name":"Beitrag_Statuskonferenz_2023.jpg.jpg","meta":{"brizy_attachment_uid":"wp-51867c6d5a63593895b5434745f34c19.jpg","brizy_post_uid":["deff2c89464ea65532093109351bf978"]}},{"id":26891,"url":"https:\/\/regulus-waldholz.de\/wp-content\/uploads\/2024\/10\/Konferenz-KI.jpg","name":"Konferenz-KI.jpg","meta":{"brizy_attachment_uid":"wp-136b033677b64c9920d08ed0e223876d.jpg","brizy_post_uid":["deff2c89464ea65532093109351bf978"]}},{"id":27006,"url":"https:\/\/regulus-waldholz.de\/wp-content\/uploads\/2024\/10\/Stellen.png","name":"Stellen.png","meta":{"brizy_attachment_uid":"wp-252fc9de9400112c03927a0af437da09.png","brizy_post_uid":["deff2c89464ea65532093109351bf978"]}},{"id":27037,"url":"https:\/\/regulus-waldholz.de\/wp-content\/uploads\/wpforo\/default_attachments\/1730211989-REGULUS-Freiburg_Guppenbild_CW_20241008_068.jpg","name":"1730211989-REGULUS-Freiburg_Guppenbild_CW_20241008_068.jpg","meta":{"brizy_attachment_uid":"wp-8d2a7b22b7cdb41bfc08aa46cf2c1805.jpg","brizy_post_uid":["acf65595b5bfc29421fdff1ca9a5abaa","deff2c89464ea65532093109351bf978"]}},{"id":27137,"url":"https:\/\/regulus-waldholz.de\/wp-content\/uploads\/2024\/12\/IMG_6439-scaled.jpeg","name":"IMG_6439.jpeg","meta":{"brizy_attachment_uid":"wp-501bc3752778444c9886ee628e670fae.jpeg","brizy_post_uid":["deff2c89464ea65532093109351bf978"]}},{"id":27177,"url":"https:\/\/regulus-waldholz.de\/wp-content\/uploads\/2024\/12\/Beitrag_MonitoringbioEconomy-e1733935039313.png","name":"Beitrag_MonitoringbioEconomy.png","meta":{"brizy_attachment_uid":"wp-fc5d502a6521f2f9ed3cdacc3b84ab22.png","brizy_post_uid":["deff2c89464ea65532093109351bf978"]}},{"id":27337,"url":"https:\/\/regulus-waldholz.de\/wp-content\/uploads\/2025\/01\/schoene-sommerlandschaft-mit-fluss-wald-sonne-und-blauen-himmel-natuerlicher-hintergrund_1161-358.jpg","name":"schoene-sommerlandschaft-mit-fluss-wald-sonne-und-blauen-himmel-natuerlicher-hintergrund_1161-358.jpg","meta":{"brizy_attachment_uid":"wp-fe2adfc40fcd36dc6d9fb750d1199cd8.jpg","brizy_post_uid":["deff2c89464ea65532093109351bf978"]}},{"id":27512,"url":"https:\/\/regulus-waldholz.de\/wp-content\/uploads\/2025\/02\/REGULUS-Freiburg_Guppenbild_20241008_068.jpg","name":"REGULUS-Freiburg_Guppenbild_20241008_068.jpg","meta":{"brizy_attachment_uid":"wp-c9ffff4b83e546edb926fc0b919c03ad.jpg","brizy_post_uid":["acf65595b5bfc29421fdff1ca9a5abaa","deff2c89464ea65532093109351bf978"]}},{"id":27525,"url":"https:\/\/regulus-waldholz.de\/wp-content\/uploads\/2025\/02\/Beitrag_Auwald_A-Dur.png","name":"Beitrag_Auwald_A-Dur.png","meta":{"brizy_attachment_uid":"wp-d3fda3d44431189bd8a3308f9328a9e9.png","brizy_post_uid":["deff2c89464ea65532093109351bf978"]}},{"id":27540,"url":"https:\/\/regulus-waldholz.de\/wp-content\/uploads\/2025\/02\/Beitrag_Auenmagazin_A-Dur.png","name":"Beitrag_Auenmagazin_A-Dur.png","meta":{"brizy_attachment_uid":"wp-8eecdaedf74ad8f2261252afa35f8402.png","brizy_post_uid":["deff2c89464ea65532093109351bf978","8ce528094c4eaffe4c21be82ee803c8a"]}},{"id":27551,"url":"https:\/\/regulus-waldholz.de\/wp-content\/uploads\/2025\/02\/Beitrag_Synthesepublikation_2023.png","name":"Beitrag_Synthesepublikation_2023.png","meta":{"brizy_attachment_uid":"wp-434ef84421c865f9da4081925f81aa45.png","brizy_post_uid":["deff2c89464ea65532093109351bf978","8391218801fc8603de84746e4dc76b77"]}},{"id":27614,"url":"https:\/\/regulus-waldholz.de\/wp-content\/uploads\/2025\/02\/Logo_A-Dur_final_JPG-scaled.jpg","name":"Logo_A-Dur_final_JPG.jpg","meta":{"brizy_attachment_uid":"wp-103b11b1fa4a5cb085fde0318132486a.jpg","brizy_post_uid":["12c97f64bd25c3744aa4cf990434ec99","7d600218166c01f67b5615bf972357a1","deff2c89464ea65532093109351bf978","8ce528094c4eaffe4c21be82ee803c8a"]}},{"id":27876,"url":"https:\/\/regulus-waldholz.de\/wp-content\/uploads\/2025\/03\/Beitrag_Stellenanzeige_ADAPT_2025.png","name":"Beitrag_Stellenanzeige_ADAPT_2025.png","meta":{"brizy_attachment_uid":"wp-b82c787bfebfc4fb7815e805ab004158.png","brizy_post_uid":["deff2c89464ea65532093109351bf978"]}},{"id":27899,"url":"https:\/\/regulus-waldholz.de\/wp-content\/uploads\/2025\/04\/REGULUS_Vernetzung_Holzforschung-e1743590095341.jpg","name":"REGULUS_Vernetzung_Holzforschung.jpg","meta":{"brizy_attachment_uid":"wp-6bbcaa2ec2ae0cd0a7fa2cfc0c6202ee.jpg","brizy_post_uid":["deff2c89464ea65532093109351bf978","8391218801fc8603de84746e4dc76b77"]}},{"id":28062,"url":"https:\/\/regulus-waldholz.de\/wp-content\/uploads\/2025\/05\/Beitrag_Synthese_2025.png","name":"Beitrag_Synthese_2025.png","meta":{"brizy_attachment_uid":"wp-21d5c25f6890ae8463313c2df9bbd1f9.png","brizy_post_uid":["deff2c89464ea65532093109351bf978","8391218801fc8603de84746e4dc76b77"]}},{"id":28132,"url":"https:\/\/regulus-waldholz.de\/wp-content\/uploads\/2025\/06\/Beitrag_Reallabor_Exkursion_Harz-scaled-e1749202551264.jpg","name":"Beitrag_Reallabor_Exkursion_Harz.jpg","meta":{"brizy_attachment_uid":"wp-05799f66b5a7fba7dd27da82ecc9c93f.jpg","brizy_post_uid":["deff2c89464ea65532093109351bf978","8391218801fc8603de84746e4dc76b77"]}},{"id":28523,"url":"https:\/\/regulus-waldholz.de\/wp-content\/uploads\/2025\/10\/2276-1024-e1760089124119.jpg","name":"2276-1024.jpg","meta":{"brizy_attachment_uid":"wp-cae7282fec6e317902865242032aeb5d.jpg","brizy_post_uid":["deff2c89464ea65532093109351bf978","8391218801fc8603de84746e4dc76b77"]}},{"id":28791,"url":"https:\/\/regulus-waldholz.de\/wp-content\/uploads\/2025\/11\/SmartForest.png","name":"SmartForest.png","meta":{"brizy_attachment_uid":"wp-9b16a260c5eabd6ba9962a70ba36ef63.png","brizy_post_uid":["deff2c89464ea65532093109351bf978"]}},{"id":28853,"url":"https:\/\/regulus-waldholz.de\/wp-content\/uploads\/2025\/11\/20251112_124739-scaled-e1763555819814.jpg","name":"20251112_124739.jpg","meta":{"brizy_attachment_uid":"wp-b0462eb03417ff1fddb6db23c88e59a7.jpg","brizy_post_uid":["8391218801fc8603de84746e4dc76b77","deff2c89464ea65532093109351bf978"]}},{"id":28886,"url":"https:\/\/regulus-waldholz.de\/wp-content\/uploads\/2025\/11\/20251112_112316-scaled-e1763632495168.jpg","name":"20251112_112316.jpg","meta":{"brizy_attachment_uid":"wp-6ad785591c0be12d117a6cb9f01a3a40.jpg","brizy_post_uid":["deff2c89464ea65532093109351bf978"]}},{"id":29207,"url":"https:\/\/regulus-waldholz.de\/wp-content\/uploads\/2026\/01\/PXL_20260116_131435225.MP_-scaled.jpg","name":"PXL_20260116_131435225.MP_.jpg","meta":{"brizy_attachment_uid":"wp-31c2b624502c9830594ce16fafa6f154.jpg","brizy_post_uid":["deff2c89464ea65532093109351bf978","8391218801fc8603de84746e4dc76b77"]}},{"id":29210,"url":"https:\/\/regulus-waldholz.de\/wp-content\/uploads\/2026\/01\/PXL_20260116_151737270.MP_-scaled.jpg","name":"PXL_20260116_151737270.MP_.jpg","meta":{"brizy_attachment_uid":"wp-1ffa308e084c954d6ab4235927dfbfc6.jpg","brizy_post_uid":["deff2c89464ea65532093109351bf978"]}},{"id":29211,"url":"https:\/\/regulus-waldholz.de\/wp-content\/uploads\/2026\/01\/PXL_20260116_155510148-scaled.jpg","name":"PXL_20260116_155510148.jpg","meta":{"brizy_attachment_uid":"wp-696f46c5ee6483c7d3f9f5e4972452c8.jpg","brizy_post_uid":["deff2c89464ea65532093109351bf978","8391218801fc8603de84746e4dc76b77"]}},{"id":29329,"url":"https:\/\/regulus-waldholz.de\/wp-content\/uploads\/2026\/03\/IMG_20260317_143927206_TK-scaled.jpg","name":"IMG_20260317_143927206_TK.jpg","meta":{"brizy_attachment_uid":"wp-be3422d718f62323ef79b4ee3a076458.jpg","brizy_post_uid":["deff2c89464ea65532093109351bf978","8391218801fc8603de84746e4dc76b77","8ce528094c4eaffe4c21be82ee803c8a"]}},{"id":29352,"url":"https:\/\/regulus-waldholz.de\/wp-content\/uploads\/2026\/04\/20260316_163559-scaled.jpg","name":"20260316_163559.jpg","meta":{"brizy_attachment_uid":"wp-1009cd48f50b2df1c04c2022a087361c.jpg","brizy_post_uid":["deff2c89464ea65532093109351bf978"]}},{"id":29353,"url":"https:\/\/regulus-waldholz.de\/wp-content\/uploads\/2026\/04\/20260316_141547_TN-scaled.jpg","name":"20260316_141547_TN.jpg","meta":{"brizy_attachment_uid":"wp-ca9831a06b68733bf9f2a1a68b7c7362.jpg","brizy_post_uid":["deff2c89464ea65532093109351bf978"]}},{"id":29354,"url":"https:\/\/regulus-waldholz.de\/wp-content\/uploads\/2026\/04\/Reallabor_Exkursion_Labforest_2026-scaled.png","name":"Reallabor_Exkursion_Labforest_2026.png","meta":{"brizy_attachment_uid":"wp-e6ea10c001aa971ede319317efc74bb5.png","brizy_post_uid":["deff2c89464ea65532093109351bf978"]}}],"_links":{"self":[{"href":"https:\/\/regulus-waldholz.de\/en\/wp-json\/wp\/v2\/posts\/20208","targetHints":{"allow":["GET"]}}],"collection":[{"href":"https:\/\/regulus-waldholz.de\/en\/wp-json\/wp\/v2\/posts"}],"about":[{"href":"https:\/\/regulus-waldholz.de\/en\/wp-json\/wp\/v2\/types\/post"}],"author":[{"embeddable":true,"href":"https:\/\/regulus-waldholz.de\/en\/wp-json\/wp\/v2\/users\/8"}],"replies":[{"embeddable":true,"href":"https:\/\/regulus-waldholz.de\/en\/wp-json\/wp\/v2\/comments?post=20208"}],"version-history":[{"count":0,"href":"https:\/\/regulus-waldholz.de\/en\/wp-json\/wp\/v2\/posts\/20208\/revisions"}],"wp:featuredmedia":[{"embeddable":true,"href":"https:\/\/regulus-waldholz.de\/en\/wp-json\/wp\/v2\/media\/22280"}],"wp:attachment":[{"href":"https:\/\/regulus-waldholz.de\/en\/wp-json\/wp\/v2\/media?parent=20208"}],"wp:term":[{"taxonomy":"category","embeddable":true,"href":"https:\/\/regulus-waldholz.de\/en\/wp-json\/wp\/v2\/categories?post=20208"},{"taxonomy":"post_tag","embeddable":true,"href":"https:\/\/regulus-waldholz.de\/en\/wp-json\/wp\/v2\/tags?post=20208"}],"curies":[{"name":"wp","href":"https:\/\/api.w.org\/{rel}","templated":true}]}}