{"id":27534,"date":"2025-02-17T16:35:48","date_gmt":"2025-02-17T16:35:48","guid":{"rendered":"https:\/\/regulus-waldholz.de\/?p=27534"},"modified":"2026-04-06T23:39:27","modified_gmt":"2026-04-06T23:39:27","slug":"artikel-im-auenmagazin-zur-auftaktveranstaltung-der-regulus-innovationsgruppe-a-dur","status":"publish","type":"post","link":"https:\/\/regulus-waldholz.de\/en\/artikel-im-auenmagazin-zur-auftaktveranstaltung-der-regulus-innovationsgruppe-a-dur\/","title":{"rendered":"Artikel im Auenmagazin zur Auftaktveranstaltung der REGULUS Innovationsgruppe A-DUR"},"content":{"rendered":"<p><\/p>\n\n\n<div class=\"brz-root__container brz-reset-all brz brz-root__container-page\">\n<section id=\"129521545c026956eaa9_khmqqyabxxpafhsboavcomfcazuvwbbnyzyn\" class=\"brz-section brz-css-1odfjzm\">\n<div class=\"brz-section__content brz-section--boxed brz-css-17rjuft brz-css-1ko0wea\" data-brz-custom-id=\"hyorlypycrpzmkxtcozkkyibeyxtwnigkfiz\">\n<div class=\"brz-container brz-css-1x4epu2\">\n<div class=\"brz-row__container brz-css-qu1x3i\" data-brz-custom-id=\"ruojctbvoyibvwfinozhvcjytsbznulyqqqu\">\n<div class=\"brz-bg\"><\/div>\n<div class=\"brz-row brz-css-djdk4u brz-css-51y10m\">\n<div class=\"brz-columns brz-css-1pa4s0e brz-css-14ph0vt\" data-brz-custom-id=\"ajfgvvvkddrikljwzphtwfnjyaoscpenvzls\">\n<div class=\"brz-bg\"><\/div>\n<div class=\"brz-column__items brz-css-kcu8fz brz-css-f7k4j5\">\n<div class=\"brz-row__container brz-css-qu1x3i\" data-brz-custom-id=\"ccomdzuftzfpkdcduscljadavbophhqgjnse\">\n<div class=\"brz-bg\"><\/div>\n<div class=\"brz-row brz-row--inner brz-css-djdk4u brz-css-sbyuvf\">\n<div class=\"brz-columns brz-css-1pa4s0e brz-css-gvaf54\" data-brz-custom-id=\"eoolqtlhapccjgwbmoeiskptpwfnyfznfxia\">\n<div class=\"brz-bg\"><\/div>\n<div class=\"brz-column__items brz-css-kcu8fz brz-css-1p6csai\">\n<div id=\"\" class=\"brz-css-o2mcsc brz-css-5ppwdl brz-wrapper\">\n<div class=\"brz-rich-text brz-rich-text__custom brz-css-17l5i4t\" data-brz-custom-id=\"askctrrzcrfmbnivpfoqiwgufwmkgzhupfxa\">\n<div data-brz-translate-text=\"1\">\n<p class=\"brz-tp-lg-paragraph brz-text-lg-left brz-text-xs-center brz-ff-vlrydgomvryeylapbxihpexweubhquwlamdc brz-ft-upload brz-fs-lg-40 brz-fss-lg-px brz-fw-lg-600 brz-ls-lg-0 brz-lh-lg-1_2 brz-css-vMPA7\" data-uniq-id=\"irfzq\" data-generated-css=\"brz-css-ysqnw\"><a class=\"brz-cp-color2 is-empty\" href=\"https:\/\/regulus-waldholz.de\/en\/aktuelles\/\" data-brz-link-type=\"page\"><u>Zur\u00fcck<\/u><\/a><\/p>\n<\/div>\n<\/div>\n<\/div>\n<div id=\"\" class=\"brz-css-o2mcsc brz-css-1dw5c81 brz-wrapper\">\n<div class=\"brz-rich-text brz-rich-text__custom brz-css-17l5i4t\" data-brz-custom-id=\"xxeugztmaxbhonbedsvhgcituqzadcvbsonv\">\n<div data-brz-translate-text=\"1\">\n<p class=\"brz-fs-lg-29 brz-ft-upload brz-ff-vlrydgomvryeylapbxihpexweubhquwlamdc brz-tp-lg-empty brz-fsft-lg-0 brz-fwdth-lg-100 brz-vfw-lg-400 brz-lh-lg-1_4 brz-ls-lg-0 brz-fw-lg-600 brz-fss-lg-px brz-bcp-color2 brz-text-lg-left brz-text-xs-center brz-css-dWkgz\" data-generated-css=\"brz-css-sbAnY\" data-uniq-id=\"nE9p1\"><span>Artikel im Auenmagazin zur <\/span><\/p>\n<p class=\"brz-fs-lg-29 brz-ft-upload brz-ff-vlrydgomvryeylapbxihpexweubhquwlamdc brz-tp-lg-empty brz-fsft-lg-0 brz-fwdth-lg-100 brz-vfw-lg-400 brz-lh-lg-1_4 brz-ls-lg-0 brz-fw-lg-600 brz-fss-lg-px brz-bcp-color2 brz-text-lg-left brz-text-xs-center brz-css-fBtvt\" data-generated-css=\"brz-css-sbAnY\" data-uniq-id=\"nE9p1\"><span>Auftaktveranstaltung der REGULUS Innovationsgruppe A-DUR<\/span><\/p>\n<\/div>\n<\/div>\n<\/div>\n<div id=\"\" class=\"brz-css-o2mcsc brz-css-njhdkm brz-wrapper\">\n<div class=\"brz-spacer brz-css-1eb8c8o brz-css-131gmde\"><\/div>\n<\/div>\n<\/div>\n<\/div>\n<\/div>\n<\/div>\n<div id=\"\" class=\"brz-css-o2mcsc brz-css-njhdkm brz-wrapper\">\n<div class=\"brz-spacer brz-css-1eb8c8o brz-css-rkfe7f\"><\/div>\n<\/div>\n<\/div>\n<\/div>\n<\/div>\n<\/div>\n<div class=\"brz-row__container brz-css-qu1x3i\" data-brz-custom-id=\"bakhvwihtxiegvgreuxcugzorwxkodlwmtmm\">\n<div class=\"brz-bg\"><\/div>\n<div class=\"brz-row brz-css-djdk4u brz-css-6mmjtg\">\n<div class=\"brz-columns brz-css-1pa4s0e brz-css-1vmr9qt\" data-brz-custom-id=\"hkreknfwmgwakgxcotcawjgzuldfjsaznfzm\">\n<div class=\"brz-bg\"><\/div>\n<div class=\"brz-column__items brz-css-kcu8fz brz-css-v0qrlj\">\n<div id=\"\" class=\"brz-css-o2mcsc brz-css-1u6kmg6 brz-wrapper\">\n<div class=\"brz-image brz-css-q8br3e\" data-brz-custom-id=\"fuaM6FKoEljF\"><img decoding=\"async\" class=\"brz-img lazyload\" data-src=\"https:\/\/regulus-waldholz.de\/?brizy_media=wp-8eecdaedf74ad8f2261252afa35f8402.png&amp;brizy_crop=iW%3D1012%26iH%3D704%26oX%3D0%26oY%3D0%26cW%3D1012%26cH%3D500\" alt=\"\" src=\"data:image\/svg+xml;base64,PHN2ZyB3aWR0aD0iMSIgaGVpZ2h0PSIxIiB4bWxucz0iaHR0cDovL3d3dy53My5vcmcvMjAwMC9zdmciPjwvc3ZnPg==\"><\/div>\n<\/div>\n<div id=\"\" class=\"brz-css-o2mcsc brz-css-njhdkm brz-wrapper\">\n<div class=\"brz-spacer brz-css-1eb8c8o brz-css-6idt1h\"><\/div>\n<\/div>\n<div id=\"\" class=\"brz-css-o2mcsc brz-css-1n63fl9 brz-wrapper\">\n<div class=\"brz-rich-text brz-rich-text__custom brz-css-17l5i4t\" data-brz-custom-id=\"zhcepxgamsgyrflqgflsmwpsylklqaowusqg\">\n<div data-brz-translate-text=\"1\">\n<p class=\"brz-tp-lg-kjaurkgigwojmsxotpballhnodyrnrsgipoe brz-css-i0MDE\" data-uniq-id=\"aGH07\" data-generated-css=\"brz-css-bkSWG\"><\/p>\n<\/div>\n<\/div>\n<\/div>\n<\/div>\n<\/div>\n<div class=\"brz-columns brz-css-1pa4s0e brz-css-3tzi50\" data-brz-custom-id=\"ljntshoappvexeqbsgjkarooxmwbjujvejoc\">\n<div class=\"brz-bg\"><\/div>\n<div class=\"brz-column__items brz-css-kcu8fz brz-css-1tai875\">\n<div id=\"\" class=\"brz-css-o2mcsc brz-css-6iuzul brz-wrapper\">\n<div class=\"brz-rich-text brz-rich-text__custom brz-css-17l5i4t\" data-brz-custom-id=\"zcbvleltitpwpylfprxqbcikebzeeguoflws\">\n<div data-brz-translate-text=\"1\">\n<h4 class=\"brz-text-xs-center brz-tp-lg-heading4 brz-text-lg-right brz-mt-lg-6 brz-css-vqiof\" data-uniq-id=\"qrVXD\" data-generated-css=\"brz-css-a7Gg7\"><span class=\"brz-cp-color2\"> Artikelinfo<\/span><\/h4>\n<\/div>\n<\/div>\n<\/div>\n<div id=\"\" class=\"brz-css-o2mcsc brz-css-njhdkm brz-wrapper\">\n<div class=\"brz-spacer brz-css-1eb8c8o brz-css-1wg933y\"><\/div>\n<\/div>\n<div id=\"\" class=\"brz-css-o2mcsc brz-css-mc3twq brz-wrapper\">\n<div class=\"brz-rich-text brz-rich-text__custom brz-css-17l5i4t\" data-brz-custom-id=\"upftqycymxmcldathxdtxrgkqefawfqbbcnj\">\n<div data-brz-translate-text=\"1\">\n<p class=\"brz-tp-lg-paragraph brz-text-lg-right brz-text-xs-center brz-css-s2hIf\" data-generated-css=\"brz-css-hPAqu\" data-uniq-id=\"rKJmU\"><span class=\"brz-cp-color2\">Bild<\/span><\/p>\n<p class=\"brz-tp-lg-paragraph brz-text-lg-right brz-text-xs-center brz-css-z1a7U\" data-generated-css=\"brz-css-l_1Wl\" data-uniq-id=\"xh4cB\"><span class=\"brz-cp-color2\">K. Leidorf<\/span><\/p>\n<p class=\"brz-tp-lg-paragraph brz-text-lg-right brz-text-xs-center brz-css-n3_wT\" data-generated-css=\"brz-css-s8X_k\" data-uniq-id=\"fqicp\"><\/p>\n<p class=\"brz-tp-lg-paragraph brz-text-lg-right brz-text-xs-center brz-css-u7EUU\" data-generated-css=\"brz-css-oecPh\" data-uniq-id=\"jkO6C\"><span class=\"brz-cp-color2\">Erstellt<\/span><\/p>\n<p class=\"brz-tp-lg-paragraph brz-text-lg-right brz-text-xs-center brz-css-ahqA6\" data-generated-css=\"brz-css-jmsZE\" data-uniq-id=\"vo7Tr\"><span class=\"brz-cp-color2\">07.2024<\/span><\/p>\n<\/div>\n<\/div>\n<\/div>\n<div id=\"\" class=\"brz-css-o2mcsc brz-css-njhdkm brz-wrapper\">\n<div class=\"brz-spacer brz-css-1eb8c8o brz-css-rhzemc\"><\/div>\n<\/div>\n<div id=\"\" class=\"brz-css-o2mcsc brz-css-1jpph6l brz-wrapper\">\n<div class=\"brz-rich-text brz-rich-text__custom brz-css-17l5i4t\" data-brz-custom-id=\"ypdhcqopuectkoevvviqbrgjoasjavteeelf\">\n<div data-brz-translate-text=\"1\">\n<p class=\"brz-text-xs-center brz-tp-lg-paragraph brz-text-lg-right brz-css-pjUWk\" data-generated-css=\"brz-css-etww7\" data-uniq-id=\"nUFtU\"><\/p>\n<\/div>\n<\/div>\n<\/div>\n<\/div>\n<\/div>\n<\/div>\n<\/div>\n<div class=\"brz-row__container brz-css-qu1x3i\" data-brz-custom-id=\"vuzjextrzfeqwhzqqwcqllvasohfivlsktfi\">\n<div class=\"brz-bg\"><\/div>\n<div class=\"brz-row brz-css-djdk4u brz-css-1kbexl2\">\n<div class=\"brz-columns brz-css-1pa4s0e\" data-brz-custom-id=\"bpxemxhjcbmqqidgcxxyntxdoilrkaofjfgw\">\n<div class=\"brz-bg\"><\/div>\n<div class=\"brz-column__items brz-css-kcu8fz brz-css-ljxqaa\">\n<div id=\"\" class=\"brz-css-o2mcsc brz-css-yroakt brz-wrapper\">\n<div class=\"brz-rich-text brz-rich-text__custom brz-css-17l5i4t\" data-brz-custom-id=\"jctvwvchqjmokhaqisaqblzwpcvgxzoloxwr\">\n<div data-brz-translate-text=\"1\">\n<p class=\"brz-text-lg-justify brz-text-xs-center brz-tp-lg-empty brz-ff-vlrydgomvryeylapbxihpexweubhquwlamdc brz-ft-upload brz-fs-lg-16 brz-fss-lg-px brz-fw-lg-400 brz-ls-lg-0 brz-lh-lg-1_6 brz-vfw-lg-400 brz-fwdth-lg-100 brz-fsft-lg-0 brz-css-bgCn0\" data-generated-css=\"brz-css-pqDQv\" data-uniq-id=\"p0YxW\"><span class=\"brz-cp-color2\">In der aktuellsten Ausgabe des Herausgebers Auenzentrum Neuburg und F\u00f6rderverein gibt Christine Margraf aus der REGULUS Innovationsgruppe &#8222;A-Dur&#8220; einen R\u00fcckbllick auf die <\/span><span class=\"brz-cp-color2\">Auftaktveranstaltung des Naturwald-Projektes \u201eA-DUR\u201c im Juli 2024 in Freising. <\/span><\/p>\n<p class=\"brz-text-lg-justify brz-tp-lg-paragraph brz-text-xs-center brz-css-y6nyg\" data-generated-css=\"brz-css-mDCo0\" data-uniq-id=\"guEsq\"><span class=\"brz-cp-color2\"> <\/span><\/p>\n<\/div>\n<\/div>\n<\/div>\n<\/div>\n<\/div>\n<div class=\"brz-columns brz-css-1pa4s0e\" data-brz-custom-id=\"hoqqncgrrbmhkcdhpsboaongwoqpxrcndqgv\">\n<div class=\"brz-bg\"><\/div>\n<div class=\"brz-column__items brz-css-kcu8fz brz-css-rjto41\">\n<div id=\"\" class=\"brz-css-o2mcsc brz-css-14kzo3f brz-wrapper\">\n<div class=\"brz-rich-text brz-rich-text__custom brz-css-17l5i4t\" data-brz-custom-id=\"onpzddjgzfslkxfimsvbecditrplkecumzzy\">\n<div data-brz-translate-text=\"1\">\n<p class=\"brz-tp-lg-paragraph brz-text-xs-center brz-text-lg-justify brz-css-m9VLT\" data-uniq-id=\"upYOc\" data-generated-css=\"brz-css-a2LCY\"><span class=\"brz-cp-color2\">Mit dem Forschungsvorhaben werden f\u00fcr 2.312  ha Staatswald in den Auw\u00e4ldern der Mittleren Isar, die 2020 als Naturwald ausgewiesen wurden, die \u00d6kosystemleistungen und die Auswirkungen der Nutzungs\u00e4nderung auf Natur und Gesellschaft genauer untersucht.<\/span><\/p>\n<p class=\"brz-tp-lg-paragraph brz-text-xs-center brz-text-lg-justify brz-css-g94u4\" data-uniq-id=\"thGsY\" data-generated-css=\"brz-css-zegOb\"><span class=\"brz-cp-color2\"> <\/span><\/p>\n<p class=\"brz-text-xs-center brz-text-lg-justify brz-tp-lg-empty brz-ff-vlrydgomvryeylapbxihpexweubhquwlamdc brz-ft-upload brz-fs-lg-16 brz-fss-lg-px brz-fw-lg-400 brz-ls-lg-0 brz-lh-lg-1_6 brz-vfw-lg-400 brz-fwdth-lg-100 brz-fsft-lg-0 brz-css-kjKdA\" data-uniq-id=\"s4yEg\" data-generated-css=\"brz-css-tfusP\"><a class=\"link--external brz-cp-color1 brz-bold-true\" href=\"https:\/\/www.auenzentrum-neuburg-ingolstadt.de\/cms\/upload\/Dokumente\/auenmagazin\/Auenmagazin24_2024_web.pdf\" data-brz-link-type=\"external\" target=\"_blank\"><strong>Zur aktuellste Ausgabe des Auenmagazins<\/strong><\/a><\/p>\n<\/div>\n<\/div>\n<\/div>\n<\/div>\n<\/div>\n<\/div>\n<\/div>\n<\/div>\n<\/div>\n<\/section>\n<\/div>\n<p>    <!-- version:1739810050 --><\/p>","protected":false},"excerpt":{"rendered":"<p>Zur\u00fcck Artikel im Auenmagazin zur Auftaktveranstaltung der REGULUS Innovationsgruppe A-DUR Artikelinfo Bild K. Leidorf Erstellt 07.2024 In der aktuellsten Ausgabe des Herausgebers Auenzentrum Neuburg und F\u00f6rderverein gibt Christine Margraf aus der REGULUS Innovationsgruppe &#8222;A-Dur&#8220; einen R\u00fcckbllick auf die Auftaktveranstaltung des Naturwald-Projektes \u201eA-DUR\u201c im Juli 2024 in Freising. Mit dem Forschungsvorhaben werden f\u00fcr 2.312 ha Staatswald [&hellip;]<\/p>\n","protected":false},"author":6,"featured_media":27540,"comment_status":"open","ping_status":"open","sticky":false,"template":"brizy-blank-template.php","format":"standard","meta":{"footnotes":""},"categories":[1],"tags":[],"class_list":["post-27534","post","type-post","status-publish","format-standard","has-post-thumbnail","hentry","category-uncategorized","entry","has-media"],"yoast_head":"<!-- This site is optimized with the Yoast SEO plugin v27.5 - https:\/\/yoast.com\/product\/yoast-seo-wordpress\/ -->\n<title>Artikel im Auenmagazin zur Auftaktveranstaltung der REGULUS Innovationsgruppe A-DUR<\/title>\n<meta name=\"description\" content=\"Artikel im Auenmagazin zur Auftaktveranstaltung der REGULUS Innovationsgruppe A-DUR\" \/>\n<meta name=\"robots\" content=\"index, follow, max-snippet:-1, max-image-preview:large, max-video-preview:-1\" \/>\n<link rel=\"canonical\" href=\"https:\/\/regulus-waldholz.de\/en\/artikel-im-auenmagazin-zur-auftaktveranstaltung-der-regulus-innovationsgruppe-a-dur\/\" \/>\n<meta property=\"og:locale\" content=\"en_GB\" \/>\n<meta property=\"og:type\" content=\"article\" \/>\n<meta property=\"og:title\" content=\"Artikel im Auenmagazin zur Auftaktveranstaltung der REGULUS Innovationsgruppe A-DUR\" \/>\n<meta property=\"og:description\" content=\"Artikel im Auenmagazin zur Auftaktveranstaltung der REGULUS Innovationsgruppe A-DUR\" \/>\n<meta property=\"og:url\" content=\"https:\/\/regulus-waldholz.de\/en\/artikel-im-auenmagazin-zur-auftaktveranstaltung-der-regulus-innovationsgruppe-a-dur\/\" \/>\n<meta property=\"og:site_name\" content=\"REGULUS\" \/>\n<meta property=\"article:published_time\" content=\"2025-02-17T16:35:48+00:00\" \/>\n<meta property=\"article:modified_time\" content=\"2026-04-06T23:39:27+00:00\" \/>\n<meta property=\"og:image\" content=\"https:\/\/regulus-waldholz.de\/wp-content\/uploads\/2025\/02\/Beitrag_Auenmagazin_A-Dur-768x534.png\" \/>\n\t<meta property=\"og:image:width\" content=\"768\" \/>\n\t<meta property=\"og:image:height\" content=\"534\" \/>\n\t<meta property=\"og:image:type\" content=\"image\/png\" \/>\n<meta name=\"author\" content=\"Christiane Trost\" \/>\n<meta name=\"twitter:card\" content=\"summary_large_image\" \/>\n<meta name=\"twitter:label1\" content=\"Written by\" \/>\n\t<meta name=\"twitter:data1\" content=\"Christiane Trost\" \/>\n\t<meta name=\"twitter:label2\" content=\"Estimated reading time\" \/>\n\t<meta name=\"twitter:data2\" content=\"1 minute\" \/>\n<script type=\"application\/ld+json\" class=\"yoast-schema-graph\">{\"@context\":\"https:\\\/\\\/schema.org\",\"@graph\":[{\"@type\":\"Article\",\"@id\":\"https:\\\/\\\/regulus-waldholz.de\\\/artikel-im-auenmagazin-zur-auftaktveranstaltung-der-regulus-innovationsgruppe-a-dur\\\/#article\",\"isPartOf\":{\"@id\":\"https:\\\/\\\/regulus-waldholz.de\\\/artikel-im-auenmagazin-zur-auftaktveranstaltung-der-regulus-innovationsgruppe-a-dur\\\/\"},\"author\":{\"name\":\"Christiane Trost\",\"@id\":\"https:\\\/\\\/regulus-waldholz.de\\\/#\\\/schema\\\/person\\\/4202402c9293a88a6117f85d3b7b3d6d\"},\"headline\":\"Artikel im Auenmagazin zur Auftaktveranstaltung der REGULUS Innovationsgruppe A-DUR\",\"datePublished\":\"2025-02-17T16:35:48+00:00\",\"dateModified\":\"2026-04-06T23:39:27+00:00\",\"mainEntityOfPage\":{\"@id\":\"https:\\\/\\\/regulus-waldholz.de\\\/artikel-im-auenmagazin-zur-auftaktveranstaltung-der-regulus-innovationsgruppe-a-dur\\\/\"},\"wordCount\":96,\"commentCount\":0,\"publisher\":{\"@id\":\"https:\\\/\\\/regulus-waldholz.de\\\/#organization\"},\"image\":{\"@id\":\"https:\\\/\\\/regulus-waldholz.de\\\/artikel-im-auenmagazin-zur-auftaktveranstaltung-der-regulus-innovationsgruppe-a-dur\\\/#primaryimage\"},\"thumbnailUrl\":\"https:\\\/\\\/regulus-waldholz.de\\\/wp-content\\\/uploads\\\/2025\\\/02\\\/Beitrag_Auenmagazin_A-Dur.png\",\"articleSection\":[\"Uncategorized\"],\"inLanguage\":\"en-GB\",\"potentialAction\":[{\"@type\":\"CommentAction\",\"name\":\"Comment\",\"target\":[\"https:\\\/\\\/regulus-waldholz.de\\\/artikel-im-auenmagazin-zur-auftaktveranstaltung-der-regulus-innovationsgruppe-a-dur\\\/#respond\"]}]},{\"@type\":\"WebPage\",\"@id\":\"https:\\\/\\\/regulus-waldholz.de\\\/artikel-im-auenmagazin-zur-auftaktveranstaltung-der-regulus-innovationsgruppe-a-dur\\\/\",\"url\":\"https:\\\/\\\/regulus-waldholz.de\\\/artikel-im-auenmagazin-zur-auftaktveranstaltung-der-regulus-innovationsgruppe-a-dur\\\/\",\"name\":\"Artikel im Auenmagazin zur Auftaktveranstaltung der REGULUS Innovationsgruppe A-DUR\",\"isPartOf\":{\"@id\":\"https:\\\/\\\/regulus-waldholz.de\\\/#website\"},\"primaryImageOfPage\":{\"@id\":\"https:\\\/\\\/regulus-waldholz.de\\\/artikel-im-auenmagazin-zur-auftaktveranstaltung-der-regulus-innovationsgruppe-a-dur\\\/#primaryimage\"},\"image\":{\"@id\":\"https:\\\/\\\/regulus-waldholz.de\\\/artikel-im-auenmagazin-zur-auftaktveranstaltung-der-regulus-innovationsgruppe-a-dur\\\/#primaryimage\"},\"thumbnailUrl\":\"https:\\\/\\\/regulus-waldholz.de\\\/wp-content\\\/uploads\\\/2025\\\/02\\\/Beitrag_Auenmagazin_A-Dur.png\",\"datePublished\":\"2025-02-17T16:35:48+00:00\",\"dateModified\":\"2026-04-06T23:39:27+00:00\",\"description\":\"Artikel im Auenmagazin zur Auftaktveranstaltung der REGULUS Innovationsgruppe A-DUR\",\"breadcrumb\":{\"@id\":\"https:\\\/\\\/regulus-waldholz.de\\\/artikel-im-auenmagazin-zur-auftaktveranstaltung-der-regulus-innovationsgruppe-a-dur\\\/#breadcrumb\"},\"inLanguage\":\"en-GB\",\"potentialAction\":[{\"@type\":\"ReadAction\",\"target\":[\"https:\\\/\\\/regulus-waldholz.de\\\/artikel-im-auenmagazin-zur-auftaktveranstaltung-der-regulus-innovationsgruppe-a-dur\\\/\"]}]},{\"@type\":\"ImageObject\",\"inLanguage\":\"en-GB\",\"@id\":\"https:\\\/\\\/regulus-waldholz.de\\\/artikel-im-auenmagazin-zur-auftaktveranstaltung-der-regulus-innovationsgruppe-a-dur\\\/#primaryimage\",\"url\":\"https:\\\/\\\/regulus-waldholz.de\\\/wp-content\\\/uploads\\\/2025\\\/02\\\/Beitrag_Auenmagazin_A-Dur.png\",\"contentUrl\":\"https:\\\/\\\/regulus-waldholz.de\\\/wp-content\\\/uploads\\\/2025\\\/02\\\/Beitrag_Auenmagazin_A-Dur.png\",\"width\":2356,\"height\":1638},{\"@type\":\"BreadcrumbList\",\"@id\":\"https:\\\/\\\/regulus-waldholz.de\\\/artikel-im-auenmagazin-zur-auftaktveranstaltung-der-regulus-innovationsgruppe-a-dur\\\/#breadcrumb\",\"itemListElement\":[{\"@type\":\"ListItem\",\"position\":1,\"name\":\"Startseite\",\"item\":\"https:\\\/\\\/regulus-waldholz.de\\\/\"},{\"@type\":\"ListItem\",\"position\":2,\"name\":\"Artikel im Auenmagazin zur Auftaktveranstaltung der REGULUS Innovationsgruppe A-DUR\"}]},{\"@type\":\"WebSite\",\"@id\":\"https:\\\/\\\/regulus-waldholz.de\\\/#website\",\"url\":\"https:\\\/\\\/regulus-waldholz.de\\\/\",\"name\":\"REGULUS\",\"description\":\"Offizielle Seite des REGULUS-Projekts\",\"publisher\":{\"@id\":\"https:\\\/\\\/regulus-waldholz.de\\\/#organization\"},\"potentialAction\":[{\"@type\":\"SearchAction\",\"target\":{\"@type\":\"EntryPoint\",\"urlTemplate\":\"https:\\\/\\\/regulus-waldholz.de\\\/?s={search_term_string}\"},\"query-input\":{\"@type\":\"PropertyValueSpecification\",\"valueRequired\":true,\"valueName\":\"search_term_string\"}}],\"inLanguage\":\"en-GB\"},{\"@type\":\"Organization\",\"@id\":\"https:\\\/\\\/regulus-waldholz.de\\\/#organization\",\"name\":\"REGULUS\",\"url\":\"https:\\\/\\\/regulus-waldholz.de\\\/\",\"logo\":{\"@type\":\"ImageObject\",\"inLanguage\":\"en-GB\",\"@id\":\"https:\\\/\\\/regulus-waldholz.de\\\/#\\\/schema\\\/logo\\\/image\\\/\",\"url\":\"\",\"contentUrl\":\"\",\"caption\":\"REGULUS\"},\"image\":{\"@id\":\"https:\\\/\\\/regulus-waldholz.de\\\/#\\\/schema\\\/logo\\\/image\\\/\"}},{\"@type\":\"Person\",\"@id\":\"https:\\\/\\\/regulus-waldholz.de\\\/#\\\/schema\\\/person\\\/4202402c9293a88a6117f85d3b7b3d6d\",\"name\":\"Christiane Trost\",\"image\":{\"@type\":\"ImageObject\",\"inLanguage\":\"en-GB\",\"@id\":\"https:\\\/\\\/secure.gravatar.com\\\/avatar\\\/7ddbec4ce4085dfc7b05ffdf7db6cf182da7fe12451686502b27ceca96681b0b?s=96&d=mm&r=g\",\"url\":\"https:\\\/\\\/secure.gravatar.com\\\/avatar\\\/7ddbec4ce4085dfc7b05ffdf7db6cf182da7fe12451686502b27ceca96681b0b?s=96&d=mm&r=g\",\"contentUrl\":\"https:\\\/\\\/secure.gravatar.com\\\/avatar\\\/7ddbec4ce4085dfc7b05ffdf7db6cf182da7fe12451686502b27ceca96681b0b?s=96&d=mm&r=g\",\"caption\":\"Christiane Trost\"}}]}<\/script>\n<!-- \/ Yoast SEO plugin. -->","yoast_head_json":{"title":"Artikel im Auenmagazin zur Auftaktveranstaltung der REGULUS Innovationsgruppe A-DUR","description":"Artikel im Auenmagazin zur Auftaktveranstaltung der REGULUS Innovationsgruppe A-DUR","robots":{"index":"index","follow":"follow","max-snippet":"max-snippet:-1","max-image-preview":"max-image-preview:large","max-video-preview":"max-video-preview:-1"},"canonical":"https:\/\/regulus-waldholz.de\/en\/artikel-im-auenmagazin-zur-auftaktveranstaltung-der-regulus-innovationsgruppe-a-dur\/","og_locale":"en_GB","og_type":"article","og_title":"Artikel im Auenmagazin zur Auftaktveranstaltung der REGULUS Innovationsgruppe A-DUR","og_description":"Artikel im Auenmagazin zur Auftaktveranstaltung der REGULUS Innovationsgruppe A-DUR","og_url":"https:\/\/regulus-waldholz.de\/en\/artikel-im-auenmagazin-zur-auftaktveranstaltung-der-regulus-innovationsgruppe-a-dur\/","og_site_name":"REGULUS","article_published_time":"2025-02-17T16:35:48+00:00","article_modified_time":"2026-04-06T23:39:27+00:00","og_image":[{"width":768,"height":534,"url":"https:\/\/regulus-waldholz.de\/wp-content\/uploads\/2025\/02\/Beitrag_Auenmagazin_A-Dur-768x534.png","type":"image\/png"}],"author":"Christiane Trost","twitter_card":"summary_large_image","twitter_misc":{"Written by":"Christiane Trost","Estimated reading time":"1 minute"},"schema":{"@context":"https:\/\/schema.org","@graph":[{"@type":"Article","@id":"https:\/\/regulus-waldholz.de\/artikel-im-auenmagazin-zur-auftaktveranstaltung-der-regulus-innovationsgruppe-a-dur\/#article","isPartOf":{"@id":"https:\/\/regulus-waldholz.de\/artikel-im-auenmagazin-zur-auftaktveranstaltung-der-regulus-innovationsgruppe-a-dur\/"},"author":{"name":"Christiane Trost","@id":"https:\/\/regulus-waldholz.de\/#\/schema\/person\/4202402c9293a88a6117f85d3b7b3d6d"},"headline":"Artikel im Auenmagazin zur Auftaktveranstaltung der REGULUS Innovationsgruppe A-DUR","datePublished":"2025-02-17T16:35:48+00:00","dateModified":"2026-04-06T23:39:27+00:00","mainEntityOfPage":{"@id":"https:\/\/regulus-waldholz.de\/artikel-im-auenmagazin-zur-auftaktveranstaltung-der-regulus-innovationsgruppe-a-dur\/"},"wordCount":96,"commentCount":0,"publisher":{"@id":"https:\/\/regulus-waldholz.de\/#organization"},"image":{"@id":"https:\/\/regulus-waldholz.de\/artikel-im-auenmagazin-zur-auftaktveranstaltung-der-regulus-innovationsgruppe-a-dur\/#primaryimage"},"thumbnailUrl":"https:\/\/regulus-waldholz.de\/wp-content\/uploads\/2025\/02\/Beitrag_Auenmagazin_A-Dur.png","articleSection":["Uncategorized"],"inLanguage":"en-GB","potentialAction":[{"@type":"CommentAction","name":"Comment","target":["https:\/\/regulus-waldholz.de\/artikel-im-auenmagazin-zur-auftaktveranstaltung-der-regulus-innovationsgruppe-a-dur\/#respond"]}]},{"@type":"WebPage","@id":"https:\/\/regulus-waldholz.de\/artikel-im-auenmagazin-zur-auftaktveranstaltung-der-regulus-innovationsgruppe-a-dur\/","url":"https:\/\/regulus-waldholz.de\/artikel-im-auenmagazin-zur-auftaktveranstaltung-der-regulus-innovationsgruppe-a-dur\/","name":"Artikel im Auenmagazin zur Auftaktveranstaltung der REGULUS Innovationsgruppe A-DUR","isPartOf":{"@id":"https:\/\/regulus-waldholz.de\/#website"},"primaryImageOfPage":{"@id":"https:\/\/regulus-waldholz.de\/artikel-im-auenmagazin-zur-auftaktveranstaltung-der-regulus-innovationsgruppe-a-dur\/#primaryimage"},"image":{"@id":"https:\/\/regulus-waldholz.de\/artikel-im-auenmagazin-zur-auftaktveranstaltung-der-regulus-innovationsgruppe-a-dur\/#primaryimage"},"thumbnailUrl":"https:\/\/regulus-waldholz.de\/wp-content\/uploads\/2025\/02\/Beitrag_Auenmagazin_A-Dur.png","datePublished":"2025-02-17T16:35:48+00:00","dateModified":"2026-04-06T23:39:27+00:00","description":"Artikel im Auenmagazin zur Auftaktveranstaltung der REGULUS Innovationsgruppe A-DUR","breadcrumb":{"@id":"https:\/\/regulus-waldholz.de\/artikel-im-auenmagazin-zur-auftaktveranstaltung-der-regulus-innovationsgruppe-a-dur\/#breadcrumb"},"inLanguage":"en-GB","potentialAction":[{"@type":"ReadAction","target":["https:\/\/regulus-waldholz.de\/artikel-im-auenmagazin-zur-auftaktveranstaltung-der-regulus-innovationsgruppe-a-dur\/"]}]},{"@type":"ImageObject","inLanguage":"en-GB","@id":"https:\/\/regulus-waldholz.de\/artikel-im-auenmagazin-zur-auftaktveranstaltung-der-regulus-innovationsgruppe-a-dur\/#primaryimage","url":"https:\/\/regulus-waldholz.de\/wp-content\/uploads\/2025\/02\/Beitrag_Auenmagazin_A-Dur.png","contentUrl":"https:\/\/regulus-waldholz.de\/wp-content\/uploads\/2025\/02\/Beitrag_Auenmagazin_A-Dur.png","width":2356,"height":1638},{"@type":"BreadcrumbList","@id":"https:\/\/regulus-waldholz.de\/artikel-im-auenmagazin-zur-auftaktveranstaltung-der-regulus-innovationsgruppe-a-dur\/#breadcrumb","itemListElement":[{"@type":"ListItem","position":1,"name":"Startseite","item":"https:\/\/regulus-waldholz.de\/"},{"@type":"ListItem","position":2,"name":"Artikel im Auenmagazin zur Auftaktveranstaltung der REGULUS Innovationsgruppe A-DUR"}]},{"@type":"WebSite","@id":"https:\/\/regulus-waldholz.de\/#website","url":"https:\/\/regulus-waldholz.de\/","name":"REGULUS","description":"Offizielle Seite des REGULUS-Projekts","publisher":{"@id":"https:\/\/regulus-waldholz.de\/#organization"},"potentialAction":[{"@type":"SearchAction","target":{"@type":"EntryPoint","urlTemplate":"https:\/\/regulus-waldholz.de\/?s={search_term_string}"},"query-input":{"@type":"PropertyValueSpecification","valueRequired":true,"valueName":"search_term_string"}}],"inLanguage":"en-GB"},{"@type":"Organization","@id":"https:\/\/regulus-waldholz.de\/#organization","name":"REGULUS","url":"https:\/\/regulus-waldholz.de\/","logo":{"@type":"ImageObject","inLanguage":"en-GB","@id":"https:\/\/regulus-waldholz.de\/#\/schema\/logo\/image\/","url":"","contentUrl":"","caption":"REGULUS"},"image":{"@id":"https:\/\/regulus-waldholz.de\/#\/schema\/logo\/image\/"}},{"@type":"Person","@id":"https:\/\/regulus-waldholz.de\/#\/schema\/person\/4202402c9293a88a6117f85d3b7b3d6d","name":"Christiane Trost","image":{"@type":"ImageObject","inLanguage":"en-GB","@id":"https:\/\/secure.gravatar.com\/avatar\/7ddbec4ce4085dfc7b05ffdf7db6cf182da7fe12451686502b27ceca96681b0b?s=96&d=mm&r=g","url":"https:\/\/secure.gravatar.com\/avatar\/7ddbec4ce4085dfc7b05ffdf7db6cf182da7fe12451686502b27ceca96681b0b?s=96&d=mm&r=g","contentUrl":"https:\/\/secure.gravatar.com\/avatar\/7ddbec4ce4085dfc7b05ffdf7db6cf182da7fe12451686502b27ceca96681b0b?s=96&d=mm&r=g","caption":"Christiane Trost"}}]}},"brizy_media":[{"id":5951,"url":"https:\/\/regulus-waldholz.de\/wp-content\/uploads\/2023\/11\/REG-21_Illustration_Innovationsgruppen.png","name":"REG-21_Illustration_Innovationsgruppen.png","meta":{"brizy_attachment_uid":"wp-d00588b4e28b6ab56a542b996c3da60a.png","brizy_post_uid":["8391218801fc8603de84746e4dc76b77","32ddc7bb274f82262ebac30c95a89f42","12c97f64bd25c3744aa4cf990434ec99","8ce528094c4eaffe4c21be82ee803c8a","deff2c89464ea65532093109351bf978"]}},{"id":18767,"url":"https:\/\/regulus-waldholz.de\/wp-content\/uploads\/2024\/01\/20230918_Plenumfragen_01-1.jpg","name":"20230918_Plenumfragen_01-1.jpg","meta":{"brizy_attachment_uid":"wp-fc64e576c5648f29ceb2272b53f3900b.jpg","brizy_post_uid":["fa7e3a262c140959998d38cc206491dd","8ce528094c4eaffe4c21be82ee803c8a","deff2c89464ea65532093109351bf978"]}},{"id":22280,"url":"https:\/\/regulus-waldholz.de\/wp-content\/uploads\/2024\/03\/PM_HZB_20240308.png","name":"PM_HZB_20240308.png","meta":{"brizy_attachment_uid":"wp-fc37d0dfaa5102ed279360989df1c0c1.png","brizy_post_uid":["8391218801fc8603de84746e4dc76b77","deff2c89464ea65532093109351bf978"]}},{"id":24663,"url":"https:\/\/regulus-waldholz.de\/wp-content\/uploads\/2024\/06\/20230918_Kennenlernaktivitaet_05.jpg","name":"20230918_Kennenlernaktivitaet_05.jpg","meta":{"brizy_attachment_uid":"wp-ae059f574770c576f3f636340ca07e11.jpg","brizy_post_uid":["deff2c89464ea65532093109351bf978"]}},{"id":24743,"url":"https:\/\/regulus-waldholz.de\/wp-content\/uploads\/2024\/06\/Keypicture_Haende_Team-scaled-e1717584918495.jpeg","name":"Keypicture_Haende_Team.jpeg","meta":{"brizy_attachment_uid":"wp-2f4b44bddc12fe939992f480a60f450c.jpeg","brizy_post_uid":["deff2c89464ea65532093109351bf978"]}},{"id":26485,"url":"https:\/\/regulus-waldholz.de\/wp-content\/uploads\/2024\/08\/IUFRO_Praesidentin_Daniela_Kleinschmit.jpg","name":"IUFRO_Praesidentin_Daniela_Kleinschmit.jpg","meta":{"brizy_attachment_uid":"wp-09d4ed9275474fece87977d81512d15a.jpg","brizy_post_uid":["deff2c89464ea65532093109351bf978","8391218801fc8603de84746e4dc76b77"]}},{"id":26534,"url":"https:\/\/regulus-waldholz.de\/wp-content\/uploads\/2024\/08\/REGULUS_IUFRO_Gruppenbild.jpg","name":"REGULUS_IUFRO_Gruppenbild.jpg","meta":{"brizy_attachment_uid":"wp-19f9c49a2d5a68ddb8f837dd5887d6a9.jpg","brizy_post_uid":["deff2c89464ea65532093109351bf978","8391218801fc8603de84746e4dc76b77"]}},{"id":26547,"url":"https:\/\/regulus-waldholz.de\/wp-content\/uploads\/2024\/08\/Aktuelles_Forum_QST.png","name":"Aktuelles_Forum_QST.png","meta":{"brizy_attachment_uid":"wp-74f39b9b9c9904426284638868ff944e.png","brizy_post_uid":["deff2c89464ea65532093109351bf978"]}},{"id":26773,"url":"https:\/\/regulus-waldholz.de\/wp-content\/uploads\/2024\/08\/Beitrag_Statuskonferenz_2023.jpg.jpg","name":"Beitrag_Statuskonferenz_2023.jpg.jpg","meta":{"brizy_attachment_uid":"wp-51867c6d5a63593895b5434745f34c19.jpg","brizy_post_uid":["deff2c89464ea65532093109351bf978"]}},{"id":26891,"url":"https:\/\/regulus-waldholz.de\/wp-content\/uploads\/2024\/10\/Konferenz-KI.jpg","name":"Konferenz-KI.jpg","meta":{"brizy_attachment_uid":"wp-136b033677b64c9920d08ed0e223876d.jpg","brizy_post_uid":["deff2c89464ea65532093109351bf978"]}},{"id":27006,"url":"https:\/\/regulus-waldholz.de\/wp-content\/uploads\/2024\/10\/Stellen.png","name":"Stellen.png","meta":{"brizy_attachment_uid":"wp-252fc9de9400112c03927a0af437da09.png","brizy_post_uid":["deff2c89464ea65532093109351bf978"]}},{"id":27037,"url":"https:\/\/regulus-waldholz.de\/wp-content\/uploads\/wpforo\/default_attachments\/1730211989-REGULUS-Freiburg_Guppenbild_CW_20241008_068.jpg","name":"1730211989-REGULUS-Freiburg_Guppenbild_CW_20241008_068.jpg","meta":{"brizy_attachment_uid":"wp-8d2a7b22b7cdb41bfc08aa46cf2c1805.jpg","brizy_post_uid":["acf65595b5bfc29421fdff1ca9a5abaa","deff2c89464ea65532093109351bf978"]}},{"id":27137,"url":"https:\/\/regulus-waldholz.de\/wp-content\/uploads\/2024\/12\/IMG_6439-scaled.jpeg","name":"IMG_6439.jpeg","meta":{"brizy_attachment_uid":"wp-501bc3752778444c9886ee628e670fae.jpeg","brizy_post_uid":["deff2c89464ea65532093109351bf978"]}},{"id":27177,"url":"https:\/\/regulus-waldholz.de\/wp-content\/uploads\/2024\/12\/Beitrag_MonitoringbioEconomy-e1733935039313.png","name":"Beitrag_MonitoringbioEconomy.png","meta":{"brizy_attachment_uid":"wp-fc5d502a6521f2f9ed3cdacc3b84ab22.png","brizy_post_uid":["deff2c89464ea65532093109351bf978"]}},{"id":27337,"url":"https:\/\/regulus-waldholz.de\/wp-content\/uploads\/2025\/01\/schoene-sommerlandschaft-mit-fluss-wald-sonne-und-blauen-himmel-natuerlicher-hintergrund_1161-358.jpg","name":"schoene-sommerlandschaft-mit-fluss-wald-sonne-und-blauen-himmel-natuerlicher-hintergrund_1161-358.jpg","meta":{"brizy_attachment_uid":"wp-fe2adfc40fcd36dc6d9fb750d1199cd8.jpg","brizy_post_uid":["deff2c89464ea65532093109351bf978"]}},{"id":27512,"url":"https:\/\/regulus-waldholz.de\/wp-content\/uploads\/2025\/02\/REGULUS-Freiburg_Guppenbild_20241008_068.jpg","name":"REGULUS-Freiburg_Guppenbild_20241008_068.jpg","meta":{"brizy_attachment_uid":"wp-c9ffff4b83e546edb926fc0b919c03ad.jpg","brizy_post_uid":["acf65595b5bfc29421fdff1ca9a5abaa","deff2c89464ea65532093109351bf978"]}},{"id":27525,"url":"https:\/\/regulus-waldholz.de\/wp-content\/uploads\/2025\/02\/Beitrag_Auwald_A-Dur.png","name":"Beitrag_Auwald_A-Dur.png","meta":{"brizy_attachment_uid":"wp-d3fda3d44431189bd8a3308f9328a9e9.png","brizy_post_uid":["deff2c89464ea65532093109351bf978"]}},{"id":27540,"url":"https:\/\/regulus-waldholz.de\/wp-content\/uploads\/2025\/02\/Beitrag_Auenmagazin_A-Dur.png","name":"Beitrag_Auenmagazin_A-Dur.png","meta":{"brizy_attachment_uid":"wp-8eecdaedf74ad8f2261252afa35f8402.png","brizy_post_uid":["deff2c89464ea65532093109351bf978","8ce528094c4eaffe4c21be82ee803c8a"]}},{"id":27551,"url":"https:\/\/regulus-waldholz.de\/wp-content\/uploads\/2025\/02\/Beitrag_Synthesepublikation_2023.png","name":"Beitrag_Synthesepublikation_2023.png","meta":{"brizy_attachment_uid":"wp-434ef84421c865f9da4081925f81aa45.png","brizy_post_uid":["deff2c89464ea65532093109351bf978","8391218801fc8603de84746e4dc76b77"]}},{"id":27614,"url":"https:\/\/regulus-waldholz.de\/wp-content\/uploads\/2025\/02\/Logo_A-Dur_final_JPG-scaled.jpg","name":"Logo_A-Dur_final_JPG.jpg","meta":{"brizy_attachment_uid":"wp-103b11b1fa4a5cb085fde0318132486a.jpg","brizy_post_uid":["12c97f64bd25c3744aa4cf990434ec99","7d600218166c01f67b5615bf972357a1","deff2c89464ea65532093109351bf978","8ce528094c4eaffe4c21be82ee803c8a"]}},{"id":27876,"url":"https:\/\/regulus-waldholz.de\/wp-content\/uploads\/2025\/03\/Beitrag_Stellenanzeige_ADAPT_2025.png","name":"Beitrag_Stellenanzeige_ADAPT_2025.png","meta":{"brizy_attachment_uid":"wp-b82c787bfebfc4fb7815e805ab004158.png","brizy_post_uid":["deff2c89464ea65532093109351bf978"]}},{"id":27899,"url":"https:\/\/regulus-waldholz.de\/wp-content\/uploads\/2025\/04\/REGULUS_Vernetzung_Holzforschung-e1743590095341.jpg","name":"REGULUS_Vernetzung_Holzforschung.jpg","meta":{"brizy_attachment_uid":"wp-6bbcaa2ec2ae0cd0a7fa2cfc0c6202ee.jpg","brizy_post_uid":["deff2c89464ea65532093109351bf978","8391218801fc8603de84746e4dc76b77"]}},{"id":28062,"url":"https:\/\/regulus-waldholz.de\/wp-content\/uploads\/2025\/05\/Beitrag_Synthese_2025.png","name":"Beitrag_Synthese_2025.png","meta":{"brizy_attachment_uid":"wp-21d5c25f6890ae8463313c2df9bbd1f9.png","brizy_post_uid":["deff2c89464ea65532093109351bf978","8391218801fc8603de84746e4dc76b77"]}},{"id":28132,"url":"https:\/\/regulus-waldholz.de\/wp-content\/uploads\/2025\/06\/Beitrag_Reallabor_Exkursion_Harz-scaled-e1749202551264.jpg","name":"Beitrag_Reallabor_Exkursion_Harz.jpg","meta":{"brizy_attachment_uid":"wp-05799f66b5a7fba7dd27da82ecc9c93f.jpg","brizy_post_uid":["deff2c89464ea65532093109351bf978","8391218801fc8603de84746e4dc76b77"]}},{"id":28523,"url":"https:\/\/regulus-waldholz.de\/wp-content\/uploads\/2025\/10\/2276-1024-e1760089124119.jpg","name":"2276-1024.jpg","meta":{"brizy_attachment_uid":"wp-cae7282fec6e317902865242032aeb5d.jpg","brizy_post_uid":["deff2c89464ea65532093109351bf978","8391218801fc8603de84746e4dc76b77"]}},{"id":28791,"url":"https:\/\/regulus-waldholz.de\/wp-content\/uploads\/2025\/11\/SmartForest.png","name":"SmartForest.png","meta":{"brizy_attachment_uid":"wp-9b16a260c5eabd6ba9962a70ba36ef63.png","brizy_post_uid":["deff2c89464ea65532093109351bf978"]}},{"id":28853,"url":"https:\/\/regulus-waldholz.de\/wp-content\/uploads\/2025\/11\/20251112_124739-scaled-e1763555819814.jpg","name":"20251112_124739.jpg","meta":{"brizy_attachment_uid":"wp-b0462eb03417ff1fddb6db23c88e59a7.jpg","brizy_post_uid":["8391218801fc8603de84746e4dc76b77","deff2c89464ea65532093109351bf978"]}},{"id":28886,"url":"https:\/\/regulus-waldholz.de\/wp-content\/uploads\/2025\/11\/20251112_112316-scaled-e1763632495168.jpg","name":"20251112_112316.jpg","meta":{"brizy_attachment_uid":"wp-6ad785591c0be12d117a6cb9f01a3a40.jpg","brizy_post_uid":["deff2c89464ea65532093109351bf978"]}},{"id":29207,"url":"https:\/\/regulus-waldholz.de\/wp-content\/uploads\/2026\/01\/PXL_20260116_131435225.MP_-scaled.jpg","name":"PXL_20260116_131435225.MP_.jpg","meta":{"brizy_attachment_uid":"wp-31c2b624502c9830594ce16fafa6f154.jpg","brizy_post_uid":["deff2c89464ea65532093109351bf978","8391218801fc8603de84746e4dc76b77"]}},{"id":29210,"url":"https:\/\/regulus-waldholz.de\/wp-content\/uploads\/2026\/01\/PXL_20260116_151737270.MP_-scaled.jpg","name":"PXL_20260116_151737270.MP_.jpg","meta":{"brizy_attachment_uid":"wp-1ffa308e084c954d6ab4235927dfbfc6.jpg","brizy_post_uid":["deff2c89464ea65532093109351bf978"]}},{"id":29211,"url":"https:\/\/regulus-waldholz.de\/wp-content\/uploads\/2026\/01\/PXL_20260116_155510148-scaled.jpg","name":"PXL_20260116_155510148.jpg","meta":{"brizy_attachment_uid":"wp-696f46c5ee6483c7d3f9f5e4972452c8.jpg","brizy_post_uid":["deff2c89464ea65532093109351bf978","8391218801fc8603de84746e4dc76b77"]}},{"id":29329,"url":"https:\/\/regulus-waldholz.de\/wp-content\/uploads\/2026\/03\/IMG_20260317_143927206_TK-scaled.jpg","name":"IMG_20260317_143927206_TK.jpg","meta":{"brizy_attachment_uid":"wp-be3422d718f62323ef79b4ee3a076458.jpg","brizy_post_uid":["deff2c89464ea65532093109351bf978","8391218801fc8603de84746e4dc76b77","8ce528094c4eaffe4c21be82ee803c8a"]}},{"id":29352,"url":"https:\/\/regulus-waldholz.de\/wp-content\/uploads\/2026\/04\/20260316_163559-scaled.jpg","name":"20260316_163559.jpg","meta":{"brizy_attachment_uid":"wp-1009cd48f50b2df1c04c2022a087361c.jpg","brizy_post_uid":["deff2c89464ea65532093109351bf978"]}},{"id":29353,"url":"https:\/\/regulus-waldholz.de\/wp-content\/uploads\/2026\/04\/20260316_141547_TN-scaled.jpg","name":"20260316_141547_TN.jpg","meta":{"brizy_attachment_uid":"wp-ca9831a06b68733bf9f2a1a68b7c7362.jpg","brizy_post_uid":["deff2c89464ea65532093109351bf978"]}},{"id":29354,"url":"https:\/\/regulus-waldholz.de\/wp-content\/uploads\/2026\/04\/Reallabor_Exkursion_Labforest_2026-scaled.png","name":"Reallabor_Exkursion_Labforest_2026.png","meta":{"brizy_attachment_uid":"wp-e6ea10c001aa971ede319317efc74bb5.png","brizy_post_uid":["deff2c89464ea65532093109351bf978"]}}],"_links":{"self":[{"href":"https:\/\/regulus-waldholz.de\/en\/wp-json\/wp\/v2\/posts\/27534","targetHints":{"allow":["GET"]}}],"collection":[{"href":"https:\/\/regulus-waldholz.de\/en\/wp-json\/wp\/v2\/posts"}],"about":[{"href":"https:\/\/regulus-waldholz.de\/en\/wp-json\/wp\/v2\/types\/post"}],"author":[{"embeddable":true,"href":"https:\/\/regulus-waldholz.de\/en\/wp-json\/wp\/v2\/users\/6"}],"replies":[{"embeddable":true,"href":"https:\/\/regulus-waldholz.de\/en\/wp-json\/wp\/v2\/comments?post=27534"}],"version-history":[{"count":13,"href":"https:\/\/regulus-waldholz.de\/en\/wp-json\/wp\/v2\/posts\/27534\/revisions"}],"predecessor-version":[{"id":27596,"href":"https:\/\/regulus-waldholz.de\/en\/wp-json\/wp\/v2\/posts\/27534\/revisions\/27596"}],"wp:featuredmedia":[{"embeddable":true,"href":"https:\/\/regulus-waldholz.de\/en\/wp-json\/wp\/v2\/media\/27540"}],"wp:attachment":[{"href":"https:\/\/regulus-waldholz.de\/en\/wp-json\/wp\/v2\/media?parent=27534"}],"wp:term":[{"taxonomy":"category","embeddable":true,"href":"https:\/\/regulus-waldholz.de\/en\/wp-json\/wp\/v2\/categories?post=27534"},{"taxonomy":"post_tag","embeddable":true,"href":"https:\/\/regulus-waldholz.de\/en\/wp-json\/wp\/v2\/tags?post=27534"}],"curies":[{"name":"wp","href":"https:\/\/api.w.org\/{rel}","templated":true}]}}