{"id":28521,"date":"2025-10-08T13:01:13","date_gmt":"2025-10-08T13:01:13","guid":{"rendered":"https:\/\/regulus-waldholz.de\/?p=28521"},"modified":"2026-04-06T15:19:04","modified_gmt":"2026-04-06T15:19:04","slug":"regulus-fowita-2025","status":"publish","type":"post","link":"https:\/\/regulus-waldholz.de\/en\/regulus-fowita-2025\/","title":{"rendered":"REGULUS auf der FowiTa 2025:   Vernetzte Forschung f\u00fcr den Wandel der Wald\u00f6kosysteme"},"content":{"rendered":"<div class=\"brz brz-root__container brz-reset-all brz-root__container-page\">\n<section id=\"khmqqyabxxpafhsboavcomfcazuvwbbnyzyn_khmqqyabxxpafhsboavcomfcazuvwbbnyzyn\" class=\"brz-section brz-css-1i2ac08 brz-css-1mo66yw\">\n<div class=\"brz-section__content brz-section--boxed brz-css-jq3e7l brz-css-mgz1jg\" data-brz-custom-id=\"hyorlypycrpzmkxtcozkkyibeyxtwnigkfiz\">\n<div class=\"brz-container brz-css-1x4epu2 brz-css-5mxusm\">\n<div class=\"brz-row__container brz-css-q7zv9c brz-css-ll2o8w\" data-brz-custom-id=\"ruojctbvoyibvwfinozhvcjytsbznulyqqqu\">\n<div class=\"brz-row brz-css-djdk4u brz-css-18rqrhv\">\n<div class=\"brz-columns brz-css-1ojjkvy brz-css-13jyu1q\" data-brz-custom-id=\"ajfgvvvkddrikljwzphtwfnjyaoscpenvzls\">\n<div class=\"brz-column__items brz-css-1dx3ac8 brz-css-1wx31x2\">\n<div class=\"brz-row__container brz-css-q7zv9c brz-css-wenmeh\" data-brz-custom-id=\"ccomdzuftzfpkdcduscljadavbophhqgjnse\">\n<div class=\"brz-row brz-row--inner brz-css-djdk4u brz-css-1l03ney\">\n<div class=\"brz-columns brz-css-1ojjkvy brz-css-ype99l\" data-brz-custom-id=\"eoolqtlhapccjgwbmoeiskptpwfnyfznfxia\">\n<div class=\"brz-column__items brz-css-1dx3ac8 brz-css-1x59lk4\">\n<div id=\"\" class=\"brz-css-o2mcsc brz-css-1f6bz7j brz-wrapper\">\n<div class=\"brz-rich-text brz-rich-text__custom brz-css-17l5i4t brz-css-16alm1w\" data-brz-custom-id=\"askctrrzcrfmbnivpfoqiwgufwmkgzhupfxa\">\n<div data-brz-translate-text=\"1\">\n<p class=\"brz-tp-lg-paragraph brz-text-lg-left brz-text-xs-center brz-ff-vlrydgomvryeylapbxihpexweubhquwlamdc brz-ft-upload brz-fs-lg-40 brz-fss-lg-px brz-fw-lg-600 brz-ls-lg-0 brz-lh-lg-1_2 brz-css-lPKdK\" data-uniq-id=\"irfzq\" data-generated-css=\"brz-css-ysqnw\"><a class=\"brz-cp-color2 is-empty\" style=\"opacity: 1\" href=\"https:\/\/regulus-waldholz.de\/aktuelles\/\" data-brz-link-type=\"page\"><u>Zur\u00fcck<\/u><\/a><\/p>\n<\/div>\n<\/div>\n<\/div>\n<div id=\"\" class=\"brz-css-o2mcsc brz-css-2nuwty brz-wrapper\">\n<div class=\"brz-rich-text brz-rich-text__custom brz-css-17l5i4t brz-css-c8gviz\" data-brz-custom-id=\"xxeugztmaxbhonbedsvhgcituqzadcvbsonv\">\n<div data-brz-translate-text=\"1\">\n<p class=\"brz-fs-lg-29 brz-ft-upload brz-ff-vlrydgomvryeylapbxihpexweubhquwlamdc brz-tp-lg-empty brz-fsft-lg-0 brz-fwdth-lg-100 brz-vfw-lg-400 brz-lh-lg-1_4 brz-ls-lg-0 brz-fw-lg-600 brz-fss-lg-px brz-bcp-color2 brz-text-lg-left brz-text-xs-center brz-css-pqg1o\" data-generated-css=\"brz-css-mmhD7\" data-uniq-id=\"dgj_r\"><strong class=\"brz-cp-color2\">REGULUS auf der FowiTa 2025: <\/strong><\/p>\n<p class=\"brz-fs-lg-29 brz-ft-upload brz-ff-vlrydgomvryeylapbxihpexweubhquwlamdc brz-tp-lg-empty brz-fsft-lg-0 brz-fwdth-lg-100 brz-vfw-lg-400 brz-lh-lg-1_4 brz-ls-lg-0 brz-fw-lg-600 brz-fss-lg-px brz-bcp-color2 brz-text-lg-left brz-text-xs-center brz-css-dntEm\" data-generated-css=\"brz-css-yciXB\" data-uniq-id=\"qEqU7\"><strong class=\"brz-cp-color2\">Vernetzte Forschung f\u00fcr den Wandel der Wald\u00f6kosysteme<\/strong><\/p>\n<\/div>\n<\/div>\n<\/div>\n<div id=\"\" class=\"brz-css-o2mcsc brz-css-njhdkm brz-css-20f3a1 brz-wrapper\">\n<div class=\"brz-spacer brz-css-1eb8c8o brz-css-16a2k22\"><\/div>\n<\/div>\n<\/div>\n<\/div>\n<\/div>\n<\/div>\n<div id=\"\" class=\"brz-css-o2mcsc brz-css-njhdkm brz-css-12rqguz brz-wrapper\">\n<div class=\"brz-spacer brz-css-1eb8c8o brz-css-2jvl0g\"><\/div>\n<\/div>\n<\/div>\n<\/div>\n<\/div>\n<\/div>\n<div class=\"brz-row__container brz-css-q7zv9c brz-css-t8eddm\" data-brz-custom-id=\"bakhvwihtxiegvgreuxcugzorwxkodlwmtmm\">\n<div class=\"brz-row brz-css-djdk4u brz-css-1j3e1jb\">\n<div class=\"brz-columns brz-css-1ojjkvy brz-css-1a3olj6\" data-brz-custom-id=\"hkreknfwmgwakgxcotcawjgzuldfjsaznfzm\">\n<div class=\"brz-column__items brz-css-1dx3ac8 brz-css-zlrcmz\">\n<div id=\"\" class=\"brz-css-o2mcsc brz-css-3wb7iw brz-wrapper\">\n<div class=\"brz-image brz-css-ljwkpj brz-css-1y2ny64\" data-brz-custom-id=\"fuaM6FKoEljF\"><img decoding=\"async\" class=\"brz-img lazyload\" data-src=\"https:\/\/regulus-waldholz.de\/wp-content\/uploads\/brizy\/imgs\/2276-1024-e1760089124119-1012x431x0x0x1012x431x1760089125.jpg\" alt=\"\" title=\"2276-1024\" src=\"data:image\/svg+xml;base64,PHN2ZyB3aWR0aD0iMSIgaGVpZ2h0PSIxIiB4bWxucz0iaHR0cDovL3d3dy53My5vcmcvMjAwMC9zdmciPjwvc3ZnPg==\" style=\"--smush-placeholder-width: 1012px; --smush-placeholder-aspect-ratio: 1012\/425;\"><\/div>\n<\/div>\n<div id=\"\" class=\"brz-css-o2mcsc brz-css-njhdkm brz-css-dh264d brz-wrapper\">\n<div class=\"brz-spacer brz-css-1eb8c8o brz-css-8s4hgt\"><\/div>\n<\/div>\n<div id=\"\" class=\"brz-css-o2mcsc brz-css-2fi51i brz-wrapper\">\n<div class=\"brz-rich-text brz-rich-text__custom brz-css-17l5i4t brz-css-10ua6fc\" data-brz-custom-id=\"zhcepxgamsgyrflqgflsmwpsylklqaowusqg\">\n<div data-brz-translate-text=\"1\">\n<p class=\"brz-tp-lg-kjaurkgigwojmsxotpballhnodyrnrsgipoe brz-css-grMEY\" data-uniq-id=\"jyJg0\" data-generated-css=\"brz-css-zeZRv\">Im Bild von links:<\/p>\n<p class=\"brz-tp-lg-kjaurkgigwojmsxotpballhnodyrnrsgipoe brz-css-acMz3\" data-uniq-id=\"kTGCi\" data-generated-css=\"brz-css-rVhfK\">Simon Grieger, Ricardo G\u00f6hler, Tobias Nitschke, Gerd Lupp, Birgitta Putzenlechner, Phillip Koal, Lea Ostrowski, Dorothea Peter, Christiane Trost, Tim Kunkowski, Mika Hayashi, Sophie Feiertag, Anna Eisen, Clemens Detsch, Mandy Cummings, Ellen Sch\u00e4ffel, Clara Adolph, Andreas Rothe, Anja Bindewald, Andy Selter, Ferr\u00e9ol Berendt<\/p>\n<p class=\"brz-tp-lg-kjaurkgigwojmsxotpballhnodyrnrsgipoe brz-css-aT41V\" data-uniq-id=\"dpkV4\" data-generated-css=\"brz-css-cRe66\"><\/p>\n<p class=\"brz-tp-lg-kjaurkgigwojmsxotpballhnodyrnrsgipoe brz-css-m0uCu\" data-uniq-id=\"oLVoX\" data-generated-css=\"brz-css-lO87z\"><\/p>\n<\/div>\n<\/div>\n<\/div>\n<\/div>\n<\/div>\n<div class=\"brz-columns brz-css-1ojjkvy brz-css-1l2f0r2\" data-brz-custom-id=\"ljntshoappvexeqbsgjkarooxmwbjujvejoc\">\n<div class=\"brz-column__items brz-css-1dx3ac8 brz-css-akl6dj\">\n<div id=\"\" class=\"brz-css-o2mcsc brz-css-157ru7s brz-wrapper\">\n<div class=\"brz-rich-text brz-rich-text__custom brz-css-17l5i4t brz-css-1c9u19l\" data-brz-custom-id=\"zcbvleltitpwpylfprxqbcikebzeeguoflws\">\n<div data-brz-translate-text=\"1\">\n<h4 class=\"brz-text-xs-center brz-tp-lg-heading4 brz-text-lg-right brz-mt-lg-6 brz-css-lZWMF\" data-uniq-id=\"qrVXD\" data-generated-css=\"brz-css-a7Gg7\"><span class=\"brz-cp-color2\" style=\"opacity: 1\"> Artikelinfo<\/span><\/h4>\n<\/div>\n<\/div>\n<\/div>\n<div id=\"\" class=\"brz-css-o2mcsc brz-css-njhdkm brz-css-1cy1azz brz-wrapper\">\n<div class=\"brz-spacer brz-css-1eb8c8o brz-css-6te59u\"><\/div>\n<\/div>\n<div id=\"\" class=\"brz-css-o2mcsc brz-css-8xqe4 brz-wrapper\">\n<div class=\"brz-rich-text brz-rich-text__custom brz-css-17l5i4t brz-css-19v849t\" data-brz-custom-id=\"upftqycymxmcldathxdtxrgkqefawfqbbcnj\">\n<div data-brz-translate-text=\"1\">\n<p class=\"brz-tp-lg-paragraph brz-text-lg-right brz-text-xs-center brz-css-xFPuX\" data-generated-css=\"brz-css-puIO1\" data-uniq-id=\"ytv2x\"><span class=\"brz-cp-color2\">Foto<\/span><\/p>\n<p class=\"brz-tp-lg-paragraph brz-text-lg-right brz-text-xs-center brz-css-zHrJ2\" data-generated-css=\"brz-css-xqsGI\" data-uniq-id=\"oqMo9\"><span class=\"brz-cp-color2\">Andy Selter<\/span><\/p>\n<p class=\"brz-tp-lg-paragraph brz-text-lg-right brz-text-xs-center brz-css-vkqK_\" data-generated-css=\"brz-css-sny5B\" data-uniq-id=\"xbJk0\"><\/p>\n<p class=\"brz-tp-lg-paragraph brz-text-lg-right brz-text-xs-center brz-css-lCy0l\" data-generated-css=\"brz-css-gum3a\" data-uniq-id=\"yWcy5\"><span class=\"brz-cp-color2\" style=\"opacity: 1\">Erstellt<\/span><\/p>\n<p class=\"brz-tp-lg-paragraph brz-text-lg-right brz-text-xs-center brz-css-sTdSn\" data-generated-css=\"brz-css-tfaEp\" data-uniq-id=\"qq_12\"><span class=\"brz-cp-color2\" style=\"opacity: 1\">01.10.2025<\/span><\/p>\n<\/div>\n<\/div>\n<\/div>\n<div id=\"\" class=\"brz-css-o2mcsc brz-css-njhdkm brz-css-fz3fzc brz-wrapper\">\n<div class=\"brz-spacer brz-css-1eb8c8o brz-css-3bnhbn\"><\/div>\n<\/div>\n<div id=\"\" class=\"brz-css-o2mcsc brz-css-lgs7m7 brz-wrapper\">\n<div class=\"brz-rich-text brz-rich-text__custom brz-css-17l5i4t brz-css-1yiivml\" data-brz-custom-id=\"ypdhcqopuectkoevvviqbrgjoasjavteeelf\">\n<div data-brz-translate-text=\"1\">\n<p class=\"brz-text-xs-center brz-tp-lg-paragraph brz-text-lg-right brz-css-oClF0\" data-generated-css=\"brz-css-etww7\" data-uniq-id=\"nUFtU\"><\/p>\n<\/div>\n<\/div>\n<\/div>\n<\/div>\n<\/div>\n<\/div>\n<\/div>\n<div class=\"brz-row__container brz-css-q7zv9c brz-css-1nhw0zd\" data-brz-custom-id=\"vuzjextrzfeqwhzqqwcqllvasohfivlsktfi\">\n<div class=\"brz-row brz-css-djdk4u brz-css-xg563b\">\n<div class=\"brz-columns brz-css-1ojjkvy brz-css-2a0udv\" data-brz-custom-id=\"bpxemxhjcbmqqidgcxxyntxdoilrkaofjfgw\">\n<div class=\"brz-column__items brz-css-1dx3ac8 brz-css-39v0h5\">\n<div id=\"\" class=\"brz-css-o2mcsc brz-css-o7jx8p brz-wrapper\">\n<div class=\"brz-rich-text brz-rich-text__custom brz-css-17l5i4t brz-css-1ngy8li\" data-brz-custom-id=\"jctvwvchqjmokhaqisaqblzwpcvgxzoloxwr\">\n<div data-brz-translate-text=\"1\">\n<p class=\"brz-tp-lg-paragraph brz-fsft-lg-0 brz-fwdth-lg-100 brz-vfw-lg-400 brz-lh-lg-1_6 brz-ls-lg-0 brz-fw-lg-400 brz-fss-lg-px brz-fs-lg-16 brz-ft-upload brz-ff-vlrydgomvryeylapbxihpexweubhquwlamdc brz-text-xs-center brz-text-lg-justify brz-css-nSdQV\" data-uniq-id=\"xOnpo\" data-generated-css=\"brz-css-sLBap\"><span class=\"brz-cp-color2\">Vom 29. September bis 2. Oktober 2025 fand in Freiburg die Forstwissenschaftliche Tagung (FowiTa) statt \u2013 die gr\u00f6\u00dfte Tagung im deutschsprachigen Raum f\u00fcr Forstwissenschaften. Unter dem Motto \u201eWald \u2013 Neu \u2013 Denken\u201c versammelten sich Expert*innen aus Forschung und Praxis, um aktuelle Herausforderungen und innovative L\u00f6sungen f\u00fcr die Wald\u00f6kosysteme zu diskutieren. Auch REGULUS war mit Wissenschaftler*innen aus den 10 regionalen Innovationsgruppen vertreten und gestaltete eine eigene Session.<\/span><\/p>\n<p class=\"brz-text-xs-center brz-text-lg-justify brz-ff-vlrydgomvryeylapbxihpexweubhquwlamdc brz-ft-upload brz-fs-lg-16 brz-fss-lg-px brz-fw-lg-400 brz-ls-lg-0 brz-lh-lg-1_6 brz-vfw-lg-400 brz-fwdth-lg-100 brz-fsft-lg-0 brz-tp-lg-paragraph brz-css-jtoii\" data-uniq-id=\"zaw_y\" data-generated-css=\"brz-css-s4K7B\"><\/p>\n<h3 class=\"brz-text-xs-center brz-text-lg-justify brz-ff-vlrydgomvryeylapbxihpexweubhquwlamdc brz-ft-upload brz-fs-lg-16 brz-fss-lg-px brz-fw-lg-400 brz-ls-lg-0 brz-lh-lg-1_6 brz-vfw-lg-400 brz-fwdth-lg-100 brz-fsft-lg-0 brz-tp-lg-heading3 brz-css-zerOi\" data-uniq-id=\"mt0Ib\" data-generated-css=\"brz-css-znE3e\"><span class=\"brz-cp-color2\">REGULUS-Session zu regionaler Forschung<\/span><\/h3>\n<p class=\"brz-text-xs-center brz-text-lg-justify brz-ff-vlrydgomvryeylapbxihpexweubhquwlamdc brz-ft-upload brz-fs-lg-16 brz-fss-lg-px brz-fw-lg-400 brz-ls-lg-0 brz-lh-lg-1_6 brz-vfw-lg-400 brz-fwdth-lg-100 brz-fsft-lg-0 brz-tp-lg-paragraph brz-css-uZSGd\" data-uniq-id=\"pKU4J\" data-generated-css=\"brz-css-cIygX\"><\/p>\n<p class=\"brz-text-xs-center brz-text-lg-justify brz-tp-lg-empty brz-ff-vlrydgomvryeylapbxihpexweubhquwlamdc brz-ft-upload brz-fs-lg-16 brz-fss-lg-px brz-fw-lg-400 brz-ls-lg-0 brz-lh-lg-1_6 brz-vfw-lg-400 brz-fwdth-lg-100 brz-fsft-lg-0 brz-css-i7LbV\" data-uniq-id=\"nwDP1\" data-generated-css=\"brz-css-jXrmM\"><span class=\"brz-cp-color2\">Ein zentraler Programmpunkt war die <\/span><strong class=\"brz-bold-true brz-cp-color2\">REGULUS-Session <em>\u201eThink global, research local: Vernetzte regionale Forschung als Antwort auf den tiefgreifenden Wandel der Wald\u00f6kosysteme und ihrer Ressourcen\u201c<\/em><\/strong><span class=\"brz-cp-color2\">. In f\u00fcnf spannenden Vortr\u00e4gen pr\u00e4sentierten Forschende aus dem REGULUS-Verbund und Partnerinstitutionen ihre Arbeit:<\/span><\/p>\n<p class=\"brz-text-xs-center brz-text-lg-justify brz-ff-vlrydgomvryeylapbxihpexweubhquwlamdc brz-ft-upload brz-fs-lg-16 brz-fss-lg-px brz-fw-lg-400 brz-ls-lg-0 brz-lh-lg-1_6 brz-vfw-lg-400 brz-fwdth-lg-100 brz-fsft-lg-0 brz-tp-lg-paragraph brz-css-gJT3F\" data-uniq-id=\"mxs94\" data-generated-css=\"brz-css-yuUc5\"><\/p>\n<ul>\n<li class=\"brz-text-xs-center brz-text-lg-left brz-tp-lg-empty brz-ff-vlrydgomvryeylapbxihpexweubhquwlamdc brz-ft-upload brz-fs-lg-16 brz-fss-lg-px brz-fw-lg-400 brz-ls-lg-0 brz-lh-lg-1_6 brz-vfw-lg-400 brz-fwdth-lg-100 brz-fsft-lg-0 brz-css-fyRq7\" data-uniq-id=\"tN543\" data-generated-css=\"brz-css-zbQf6\"><strong class=\"brz-cp-color2\">Clara Adolph<\/strong><span class=\"brz-cp-color2\"> (HNEE) beleuchtete die Motivation und Partizipation forstlicher Stakeholder*innen im adaptiven Waldmanagement in Brandenburg.<\/span><\/li>\n<\/ul>\n<p class=\"brz-text-xs-center brz-text-lg-justify brz-ff-vlrydgomvryeylapbxihpexweubhquwlamdc brz-ft-upload brz-fs-lg-16 brz-fss-lg-px brz-fw-lg-400 brz-ls-lg-0 brz-lh-lg-1_6 brz-vfw-lg-400 brz-fwdth-lg-100 brz-fsft-lg-0 brz-tp-lg-paragraph brz-css-s8BbZ\" data-uniq-id=\"u1Qtf\" data-generated-css=\"brz-css-s6dyP\"><\/p>\n<ul>\n<li class=\"brz-text-xs-center brz-text-lg-left brz-tp-lg-empty brz-ff-vlrydgomvryeylapbxihpexweubhquwlamdc brz-ft-upload brz-fs-lg-16 brz-fss-lg-px brz-fw-lg-400 brz-ls-lg-0 brz-lh-lg-1_6 brz-vfw-lg-400 brz-fwdth-lg-100 brz-fsft-lg-0 brz-css-fqVKN\" data-uniq-id=\"mMNLb\" data-generated-css=\"brz-css-vQRTd\"><strong class=\"brz-cp-color2\">Dr. Regina Rhodius<\/strong><span class=\"brz-cp-color2\"> (Universit\u00e4t Freiburg) zeigte inter- und transdisziplin\u00e4re Ans\u00e4tze im Waldlabor Oberrhein.<\/span><\/li>\n<\/ul>\n<p class=\"brz-text-xs-center brz-text-lg-left brz-tp-lg-empty brz-ff-vlrydgomvryeylapbxihpexweubhquwlamdc brz-ft-upload brz-fs-lg-16 brz-fss-lg-px brz-fw-lg-400 brz-ls-lg-0 brz-lh-lg-1_6 brz-vfw-lg-400 brz-fwdth-lg-100 brz-fsft-lg-0 brz-css-rOAnO\" data-uniq-id=\"a4yWI\" data-generated-css=\"brz-css-aX7Ix\"><\/p>\n<ul>\n<li class=\"brz-text-xs-center brz-text-lg-left brz-tp-lg-empty brz-ff-vlrydgomvryeylapbxihpexweubhquwlamdc brz-ft-upload brz-fs-lg-16 brz-fss-lg-px brz-fw-lg-400 brz-ls-lg-0 brz-lh-lg-1_6 brz-vfw-lg-400 brz-fwdth-lg-100 brz-fsft-lg-0 brz-css-oRtXG\" data-uniq-id=\"g5tOP\" data-generated-css=\"brz-css-dmOya\"><strong style=\"background-color: initial\" class=\"brz-cp-color2\">Dr. Daniel Doktor <\/strong><span style=\"background-color: initial\" class=\"brz-cp-color2\">(Th\u00fcnen-Institut) stellte das Projekt SURVEY vor, das Waldreallabore als Experimente f\u00fcr den nat\u00fcrlichen Klimaschutz nutzt.<\/span><\/li>\n<\/ul>\n<p class=\"brz-text-xs-center brz-text-lg-left brz-tp-lg-empty brz-ff-vlrydgomvryeylapbxihpexweubhquwlamdc brz-ft-upload brz-fs-lg-16 brz-fss-lg-px brz-fw-lg-400 brz-ls-lg-0 brz-lh-lg-1_6 brz-vfw-lg-400 brz-fwdth-lg-100 brz-fsft-lg-0 brz-css-v3w5E\" data-uniq-id=\"xHLJ6\" data-generated-css=\"brz-css-uSoWU\"><\/p>\n<ul>\n<li class=\"brz-text-xs-center brz-text-lg-left brz-tp-lg-empty brz-ff-vlrydgomvryeylapbxihpexweubhquwlamdc brz-ft-upload brz-fs-lg-16 brz-fss-lg-px brz-fw-lg-400 brz-ls-lg-0 brz-lh-lg-1_6 brz-vfw-lg-400 brz-fwdth-lg-100 brz-fsft-lg-0 brz-css-aYWqy\" data-uniq-id=\"lnp3C\" data-generated-css=\"brz-css-esHP5\"><strong style=\"background-color: initial\" class=\"brz-cp-color2\">Simon Grieger <\/strong><span style=\"background-color: initial\" class=\"brz-cp-color2\">(Universit\u00e4t G\u00f6ttingen) pr\u00e4sentierte Fernerkundungsmethoden zur Analyse von Schadfl\u00e4chenmanagement.<\/span><\/li>\n<\/ul>\n<\/div>\n<\/div>\n<\/div>\n<\/div>\n<\/div>\n<div class=\"brz-columns brz-css-1ojjkvy brz-css-kb4qki\" data-brz-custom-id=\"hoqqncgrrbmhkcdhpsboaongwoqpxrcndqgv\">\n<div class=\"brz-column__items brz-css-1dx3ac8 brz-css-13n7a1r\">\n<div id=\"\" class=\"brz-css-o2mcsc brz-css-2uvxyx brz-wrapper\">\n<div class=\"brz-rich-text brz-rich-text__custom brz-css-17l5i4t brz-css-11dsq1t\" data-brz-custom-id=\"onpzddjgzfslkxfimsvbecditrplkecumzzy\">\n<div data-brz-translate-text=\"1\">\n<ul>\n<li class=\"brz-text-xs-center brz-text-lg-left brz-tp-lg-empty brz-ff-vlrydgomvryeylapbxihpexweubhquwlamdc brz-ft-upload brz-fs-lg-16 brz-fss-lg-px brz-fw-lg-400 brz-ls-lg-0 brz-lh-lg-1_6 brz-vfw-lg-400 brz-fwdth-lg-100 brz-fsft-lg-0 brz-css-oImGJ\" data-uniq-id=\"czSID\" data-generated-css=\"brz-css-aUF5O\"><strong style=\"background-color: initial\" class=\"brz-cp-color2\">Thomas Knoke<\/strong><span style=\"background-color: initial\" class=\"brz-cp-color2\"> (TU M\u00fcnchen und SURVEY-Projektmitglied) sprach \u00fcber die Messung globaler Entwaldung.<\/span><\/li>\n<\/ul>\n<p class=\"brz-text-xs-center brz-text-lg-left brz-tp-lg-empty brz-ff-vlrydgomvryeylapbxihpexweubhquwlamdc brz-ft-upload brz-fs-lg-16 brz-fss-lg-px brz-fw-lg-400 brz-ls-lg-0 brz-lh-lg-1_6 brz-vfw-lg-400 brz-fwdth-lg-100 brz-fsft-lg-0 brz-css-rasve\" data-uniq-id=\"xliLD\" data-generated-css=\"brz-css-e6rnG\"><span style=\"background-color: initial\" class=\"brz-cp-color2\"> <\/span><\/p>\n<p class=\"brz-text-xs-center brz-text-lg-left brz-tp-lg-empty brz-ff-vlrydgomvryeylapbxihpexweubhquwlamdc brz-ft-upload brz-fs-lg-16 brz-fss-lg-px brz-fw-lg-400 brz-ls-lg-0 brz-lh-lg-1_6 brz-vfw-lg-400 brz-fwdth-lg-100 brz-fsft-lg-0 brz-css-jjqjF\" data-uniq-id=\"swpcH\" data-generated-css=\"brz-css-cL5dq\"><span style=\"background-color: initial\" class=\"brz-cp-color2\">Dar\u00fcber hinaus waren weitere engagierte REGULUS-Wissenschaftler*innen mit vielen Postern und auch Vortr\u00e4gen aus REGULUS in den unterschiedlichsten Sessions mit disziplin\u00e4rem Fokus pr\u00e4sent.<\/span><\/p>\n<p class=\"brz-fsft-lg-0 brz-fwdth-lg-100 brz-vfw-lg-400 brz-lh-lg-1_6 brz-ls-lg-0 brz-fw-lg-400 brz-fss-lg-px brz-fs-lg-16 brz-ft-upload brz-ff-vlrydgomvryeylapbxihpexweubhquwlamdc brz-text-xs-center brz-text-lg-left brz-tp-lg-empty brz-css-bNVxl\" data-uniq-id=\"rywUh\" data-generated-css=\"brz-css-vJ5rg\"><\/p>\n<h3 class=\"brz-fsft-lg-0 brz-fwdth-lg-100 brz-vfw-lg-400 brz-lh-lg-1_6 brz-ls-lg-0 brz-fw-lg-400 brz-fss-lg-px brz-fs-lg-16 brz-ft-upload brz-ff-vlrydgomvryeylapbxihpexweubhquwlamdc brz-text-xs-center brz-text-lg-justify brz-tp-lg-heading3 brz-css-pbEM5\" data-uniq-id=\"s0aWN\" data-generated-css=\"brz-css-hBosv\"><span style=\"background-color: initial\" class=\"brz-cp-color2\">Erfolge und Austausch<\/span><\/h3>\n<p class=\"brz-tp-lg-paragraph brz-fsft-lg-0 brz-fwdth-lg-100 brz-vfw-lg-400 brz-lh-lg-1_6 brz-ls-lg-0 brz-fw-lg-400 brz-fss-lg-px brz-fs-lg-16 brz-ft-upload brz-ff-vlrydgomvryeylapbxihpexweubhquwlamdc brz-text-xs-center brz-text-lg-justify brz-css-fn9vH\" data-uniq-id=\"g_9xJ\" data-generated-css=\"brz-css-joYSP\"><strong style=\"background-color: initial\" class=\"brz-cp-color2\"> <\/strong><\/p>\n<p class=\"brz-tp-lg-paragraph brz-fsft-lg-0 brz-fwdth-lg-100 brz-vfw-lg-400 brz-lh-lg-1_6 brz-ls-lg-0 brz-fw-lg-400 brz-fss-lg-px brz-fs-lg-16 brz-ft-upload brz-ff-vlrydgomvryeylapbxihpexweubhquwlamdc brz-text-xs-center brz-text-lg-justify brz-css-foTiw\" data-uniq-id=\"uE6lo\" data-generated-css=\"brz-css-iNWwq\"><span style=\"background-color: initial\" class=\"brz-cp-color2\">Neben den Vortr\u00e4gen \u00fcberzeugten auch die <\/span><strong style=\"background-color: initial\" class=\"brz-cp-color2\">Posterpr\u00e4sentationen<\/strong><span style=\"background-color: initial\" class=\"brz-cp-color2\"> des REGULUS-Verbunds. Besonders freuen wir uns \u00fcber die <\/span><strong style=\"background-color: initial\" class=\"brz-cp-color2\">Auszeichnung zweier Poster<\/strong><span style=\"background-color: initial\" class=\"brz-cp-color2\"> von <\/span><strong style=\"background-color: initial\" class=\"brz-cp-color2\">Anna-Katharina Eisen<\/strong><span style=\"background-color: initial\" class=\"brz-cp-color2\"> und <\/span><strong style=\"background-color: initial\" class=\"brz-cp-color2\">Clemens Detsch<\/strong><span style=\"background-color: initial\" class=\"brz-cp-color2\"> (beide A-DUR) im Rahmen der Posterpr\u00e4mierung \u2013 ein toller Erfolg f\u00fcr die engagierten Forschenden!<\/span><\/p>\n<p class=\"brz-tp-lg-paragraph brz-fsft-lg-0 brz-fwdth-lg-100 brz-vfw-lg-400 brz-lh-lg-1_6 brz-ls-lg-0 brz-fw-lg-400 brz-fss-lg-px brz-fs-lg-16 brz-ft-upload brz-ff-vlrydgomvryeylapbxihpexweubhquwlamdc brz-text-xs-center brz-text-lg-justify brz-css-hossN\" data-uniq-id=\"bypZQ\" data-generated-css=\"brz-css-zyznE\"><span style=\"background-color: initial\" class=\"brz-cp-color2\"> <\/span><\/p>\n<h3 class=\"brz-fsft-lg-0 brz-fwdth-lg-100 brz-vfw-lg-400 brz-lh-lg-1_6 brz-ls-lg-0 brz-fw-lg-400 brz-fss-lg-px brz-fs-lg-16 brz-ft-upload brz-ff-vlrydgomvryeylapbxihpexweubhquwlamdc brz-text-xs-center brz-text-lg-justify brz-tp-lg-heading3 brz-css-aYuUi\" data-uniq-id=\"gikTL\" data-generated-css=\"brz-css-h4MTv\"><span style=\"background-color: initial\" class=\"brz-cp-color2\">Inspiration f\u00fcr die Zukunft<\/span><\/h3>\n<p class=\"brz-tp-lg-paragraph brz-fsft-lg-0 brz-fwdth-lg-100 brz-vfw-lg-400 brz-lh-lg-1_6 brz-ls-lg-0 brz-fw-lg-400 brz-fss-lg-px brz-fs-lg-16 brz-ft-upload brz-ff-vlrydgomvryeylapbxihpexweubhquwlamdc brz-text-xs-center brz-text-lg-justify brz-css-wtz8N\" data-uniq-id=\"reKmT\" data-generated-css=\"brz-css-dZpR1\"><strong style=\"background-color: initial\" class=\"brz-cp-color2\"> <\/strong><\/p>\n<p class=\"brz-tp-lg-paragraph brz-fsft-lg-0 brz-fwdth-lg-100 brz-vfw-lg-400 brz-lh-lg-1_6 brz-ls-lg-0 brz-fw-lg-400 brz-fss-lg-px brz-fs-lg-16 brz-ft-upload brz-ff-vlrydgomvryeylapbxihpexweubhquwlamdc brz-text-xs-center brz-text-lg-justify brz-css-b2uPq\" data-uniq-id=\"jfU4r\" data-generated-css=\"brz-css-sPa9c\"><span style=\"background-color: initial\" class=\"brz-cp-color2\">Die FowiTa 2025 bot eine einzigartige Plattform f\u00fcr <\/span><strong style=\"background-color: initial\" class=\"brz-cp-color2\">Wissensaustausch und Vernetzung<\/strong><span style=\"background-color: initial\" class=\"brz-cp-color2\">. Die REGULUS-Wissenschaftler*innen kehrten mit neuen Ideen und Impulsen zur\u00fcck \u2013 motiviert, die <\/span><strong style=\"background-color: initial\" class=\"brz-cp-color2\">regionale Forschung weiter voranzutreiben<\/strong><span style=\"background-color: initial\" class=\"brz-cp-color2\"> und gemeinsam L\u00f6sungen f\u00fcr die Herausforderungen der Wald\u00f6kosysteme zu entwickeln.<\/span><\/p>\n<p class=\"brz-tp-lg-paragraph brz-fsft-lg-0 brz-fwdth-lg-100 brz-vfw-lg-400 brz-lh-lg-1_6 brz-ls-lg-0 brz-fw-lg-400 brz-fss-lg-px brz-fs-lg-16 brz-ft-upload brz-ff-vlrydgomvryeylapbxihpexweubhquwlamdc brz-text-xs-center brz-text-lg-justify brz-css-dH_n_\" data-uniq-id=\"gVkpV\" data-generated-css=\"brz-css-tBM4S\"><span style=\"background-color: initial\" class=\"brz-cp-color2\"> <\/span><\/p>\n<p class=\"brz-tp-lg-paragraph brz-fsft-lg-0 brz-fwdth-lg-100 brz-vfw-lg-400 brz-lh-lg-1_6 brz-ls-lg-0 brz-fw-lg-400 brz-fss-lg-px brz-fs-lg-16 brz-ft-upload brz-ff-vlrydgomvryeylapbxihpexweubhquwlamdc brz-text-xs-center brz-text-lg-justify brz-css-vvG2O\" data-uniq-id=\"xkAV0\" data-generated-css=\"brz-css-bqDix\"><span style=\"background-color: initial\" class=\"brz-cp-color2\"> <\/span><\/p>\n<p class=\"brz-fsft-lg-0 brz-fwdth-lg-100 brz-vfw-lg-400 brz-lh-lg-1_6 brz-ls-lg-0 brz-fw-lg-400 brz-fss-lg-px brz-fs-lg-16 brz-ft-upload brz-ff-vlrydgomvryeylapbxihpexweubhquwlamdc brz-tp-lg-paragraph brz-text-lg-justify brz-text-xs-center brz-css-rkhKT\" data-uniq-id=\"sQyk3\" data-generated-css=\"brz-css-c0w9V\"><em style=\"background-color: initial\" class=\"brz-cp-color2\">\u201eDie Tagung hat mir gezeigt, wie wichtig vernetzte Forschung ist, um den Wandel der W\u00e4lder zu gestalten \u2013 lokal verankert, aber global relevant.\u201c<\/em><\/p>\n<p class=\"brz-text-lg-right brz-tp-lg-paragraph brz-fsft-lg-0 brz-fwdth-lg-100 brz-vfw-lg-400 brz-lh-lg-1_6 brz-ls-lg-0 brz-fw-lg-400 brz-fss-lg-px brz-fs-lg-16 brz-ft-upload brz-ff-vlrydgomvryeylapbxihpexweubhquwlamdc brz-text-xs-center brz-css-gWMZS\" data-uniq-id=\"zHxyN\" data-generated-css=\"brz-css-wf3Ld\"><span style=\"background-color: initial\" class=\"brz-cp-color2\">[Christiane Trost, Projektassistenz im <\/span><\/p>\n<p class=\"brz-text-lg-right brz-tp-lg-paragraph brz-fsft-lg-0 brz-fwdth-lg-100 brz-vfw-lg-400 brz-lh-lg-1_6 brz-ls-lg-0 brz-fw-lg-400 brz-fss-lg-px brz-fs-lg-16 brz-ft-upload brz-ff-vlrydgomvryeylapbxihpexweubhquwlamdc brz-text-xs-center brz-css-f_6S6\" data-uniq-id=\"nUfaL\" data-generated-css=\"brz-css-sawEg\"><span style=\"background-color: initial\" class=\"brz-cp-color2\">REGULUS Querschnittsprojekt WaHo_boost<\/span><span style=\"background-color: initial\">]<\/span><\/p>\n<\/div>\n<\/div>\n<\/div>\n<\/div>\n<\/div>\n<\/div>\n<\/div>\n<\/div>\n<\/div>\n<\/section><\/div>\n<p><!-- version:1761035567 --><\/p>\n","protected":false},"excerpt":{"rendered":"<p>Zur\u00fcck REGULUS auf der FowiTa 2025: Vernetzte Forschung f\u00fcr den Wandel der Wald\u00f6kosysteme Im Bild von links: Simon Grieger, Ricardo G\u00f6hler, Tobias Nitschke, Gerd Lupp, Birgitta Putzenlechner, Phillip Koal, Lea Ostrowski, Dorothea Peter, Christiane Trost, Tim Kunkowski, Mika Hayashi, Sophie Feiertag, Anna Eisen, Clemens Detsch, Mandy Cummings, Ellen Sch\u00e4ffel, Clara Adolph, Andreas Rothe, Anja Bindewald, [&hellip;]<\/p>\n","protected":false},"author":6,"featured_media":28523,"comment_status":"open","ping_status":"open","sticky":false,"template":"brizy-blank-template.php","format":"standard","meta":{"footnotes":""},"categories":[1],"tags":[],"class_list":["post-28521","post","type-post","status-publish","format-standard","has-post-thumbnail","hentry","category-uncategorized","entry","has-media"],"yoast_head":"<!-- This site is optimized with the Yoast SEO plugin v27.5 - https:\/\/yoast.com\/product\/yoast-seo-wordpress\/ -->\n<title>REGULUS auf der FowiTa 2025: Vernetzte Forschung f\u00fcr den Wandel der Wald\u00f6kosysteme<\/title>\n<meta name=\"description\" content=\"REGULUS auf der FowiTa 2025: Vernetzte Forschung f\u00fcr den Wandel der Wald\u00f6kosysteme\" \/>\n<meta name=\"robots\" content=\"index, follow, max-snippet:-1, max-image-preview:large, max-video-preview:-1\" \/>\n<link rel=\"canonical\" href=\"https:\/\/regulus-waldholz.de\/en\/regulus-fowita-2025\/\" \/>\n<meta property=\"og:locale\" content=\"en_GB\" \/>\n<meta property=\"og:type\" content=\"article\" \/>\n<meta property=\"og:title\" content=\"REGULUS auf der FowiTa 2025: Vernetzte Forschung f\u00fcr den Wandel der Wald\u00f6kosysteme\" \/>\n<meta property=\"og:description\" content=\"REGULUS auf der FowiTa 2025: Vernetzte Forschung f\u00fcr den Wandel der Wald\u00f6kosysteme\" \/>\n<meta property=\"og:url\" content=\"https:\/\/regulus-waldholz.de\/en\/regulus-fowita-2025\/\" \/>\n<meta property=\"og:site_name\" content=\"REGULUS\" \/>\n<meta property=\"article:published_time\" content=\"2025-10-08T13:01:13+00:00\" \/>\n<meta property=\"article:modified_time\" content=\"2026-04-06T15:19:04+00:00\" \/>\n<meta property=\"og:image\" content=\"https:\/\/regulus-waldholz.de\/wp-content\/uploads\/2025\/10\/2276-1024-e1760089124119.jpg\" \/>\n\t<meta property=\"og:image:width\" content=\"1900\" \/>\n\t<meta property=\"og:image:height\" content=\"798\" \/>\n\t<meta property=\"og:image:type\" content=\"image\/jpeg\" \/>\n<meta name=\"author\" content=\"Christiane Trost\" \/>\n<meta name=\"twitter:card\" content=\"summary_large_image\" \/>\n<meta name=\"twitter:label1\" content=\"Written by\" \/>\n\t<meta name=\"twitter:data1\" content=\"Christiane Trost\" \/>\n\t<meta name=\"twitter:label2\" content=\"Estimated reading time\" \/>\n\t<meta name=\"twitter:data2\" content=\"3 minutes\" \/>\n<script type=\"application\/ld+json\" class=\"yoast-schema-graph\">{\"@context\":\"https:\\\/\\\/schema.org\",\"@graph\":[{\"@type\":\"Article\",\"@id\":\"https:\\\/\\\/regulus-waldholz.de\\\/en\\\/regulus-fowita-2025\\\/#article\",\"isPartOf\":{\"@id\":\"https:\\\/\\\/regulus-waldholz.de\\\/en\\\/regulus-fowita-2025\\\/\"},\"author\":{\"name\":\"Christiane Trost\",\"@id\":\"https:\\\/\\\/regulus-waldholz.de\\\/#\\\/schema\\\/person\\\/4202402c9293a88a6117f85d3b7b3d6d\"},\"headline\":\"REGULUS auf der FowiTa 2025: Vernetzte Forschung f\u00fcr den Wandel der Wald\u00f6kosysteme\",\"datePublished\":\"2025-10-08T13:01:13+00:00\",\"dateModified\":\"2026-04-06T15:19:04+00:00\",\"mainEntityOfPage\":{\"@id\":\"https:\\\/\\\/regulus-waldholz.de\\\/en\\\/regulus-fowita-2025\\\/\"},\"wordCount\":421,\"commentCount\":0,\"publisher\":{\"@id\":\"https:\\\/\\\/regulus-waldholz.de\\\/#organization\"},\"image\":{\"@id\":\"https:\\\/\\\/regulus-waldholz.de\\\/en\\\/regulus-fowita-2025\\\/#primaryimage\"},\"thumbnailUrl\":\"https:\\\/\\\/regulus-waldholz.de\\\/wp-content\\\/uploads\\\/2025\\\/10\\\/2276-1024-e1760089124119.jpg\",\"articleSection\":[\"Uncategorized\"],\"inLanguage\":\"en-GB\",\"potentialAction\":[{\"@type\":\"CommentAction\",\"name\":\"Comment\",\"target\":[\"https:\\\/\\\/regulus-waldholz.de\\\/en\\\/regulus-fowita-2025\\\/#respond\"]}]},{\"@type\":\"WebPage\",\"@id\":\"https:\\\/\\\/regulus-waldholz.de\\\/en\\\/regulus-fowita-2025\\\/\",\"url\":\"https:\\\/\\\/regulus-waldholz.de\\\/en\\\/regulus-fowita-2025\\\/\",\"name\":\"REGULUS auf der FowiTa 2025: Vernetzte Forschung f\u00fcr den Wandel der Wald\u00f6kosysteme\",\"isPartOf\":{\"@id\":\"https:\\\/\\\/regulus-waldholz.de\\\/#website\"},\"primaryImageOfPage\":{\"@id\":\"https:\\\/\\\/regulus-waldholz.de\\\/en\\\/regulus-fowita-2025\\\/#primaryimage\"},\"image\":{\"@id\":\"https:\\\/\\\/regulus-waldholz.de\\\/en\\\/regulus-fowita-2025\\\/#primaryimage\"},\"thumbnailUrl\":\"https:\\\/\\\/regulus-waldholz.de\\\/wp-content\\\/uploads\\\/2025\\\/10\\\/2276-1024-e1760089124119.jpg\",\"datePublished\":\"2025-10-08T13:01:13+00:00\",\"dateModified\":\"2026-04-06T15:19:04+00:00\",\"description\":\"REGULUS auf der FowiTa 2025: Vernetzte Forschung f\u00fcr den Wandel der Wald\u00f6kosysteme\",\"breadcrumb\":{\"@id\":\"https:\\\/\\\/regulus-waldholz.de\\\/en\\\/regulus-fowita-2025\\\/#breadcrumb\"},\"inLanguage\":\"en-GB\",\"potentialAction\":[{\"@type\":\"ReadAction\",\"target\":[\"https:\\\/\\\/regulus-waldholz.de\\\/en\\\/regulus-fowita-2025\\\/\"]}]},{\"@type\":\"ImageObject\",\"inLanguage\":\"en-GB\",\"@id\":\"https:\\\/\\\/regulus-waldholz.de\\\/en\\\/regulus-fowita-2025\\\/#primaryimage\",\"url\":\"https:\\\/\\\/regulus-waldholz.de\\\/wp-content\\\/uploads\\\/2025\\\/10\\\/2276-1024-e1760089124119.jpg\",\"contentUrl\":\"https:\\\/\\\/regulus-waldholz.de\\\/wp-content\\\/uploads\\\/2025\\\/10\\\/2276-1024-e1760089124119.jpg\",\"width\":1900,\"height\":798},{\"@type\":\"BreadcrumbList\",\"@id\":\"https:\\\/\\\/regulus-waldholz.de\\\/en\\\/regulus-fowita-2025\\\/#breadcrumb\",\"itemListElement\":[{\"@type\":\"ListItem\",\"position\":1,\"name\":\"Startseite\",\"item\":\"https:\\\/\\\/regulus-waldholz.de\\\/\"},{\"@type\":\"ListItem\",\"position\":2,\"name\":\"REGULUS auf der FowiTa 2025: Vernetzte Forschung f\u00fcr den Wandel der Wald\u00f6kosysteme\"}]},{\"@type\":\"WebSite\",\"@id\":\"https:\\\/\\\/regulus-waldholz.de\\\/#website\",\"url\":\"https:\\\/\\\/regulus-waldholz.de\\\/\",\"name\":\"REGULUS\",\"description\":\"Offizielle Seite des REGULUS-Projekts\",\"publisher\":{\"@id\":\"https:\\\/\\\/regulus-waldholz.de\\\/#organization\"},\"potentialAction\":[{\"@type\":\"SearchAction\",\"target\":{\"@type\":\"EntryPoint\",\"urlTemplate\":\"https:\\\/\\\/regulus-waldholz.de\\\/?s={search_term_string}\"},\"query-input\":{\"@type\":\"PropertyValueSpecification\",\"valueRequired\":true,\"valueName\":\"search_term_string\"}}],\"inLanguage\":\"en-GB\"},{\"@type\":\"Organization\",\"@id\":\"https:\\\/\\\/regulus-waldholz.de\\\/#organization\",\"name\":\"REGULUS\",\"url\":\"https:\\\/\\\/regulus-waldholz.de\\\/\",\"logo\":{\"@type\":\"ImageObject\",\"inLanguage\":\"en-GB\",\"@id\":\"https:\\\/\\\/regulus-waldholz.de\\\/#\\\/schema\\\/logo\\\/image\\\/\",\"url\":\"\",\"contentUrl\":\"\",\"caption\":\"REGULUS\"},\"image\":{\"@id\":\"https:\\\/\\\/regulus-waldholz.de\\\/#\\\/schema\\\/logo\\\/image\\\/\"}},{\"@type\":\"Person\",\"@id\":\"https:\\\/\\\/regulus-waldholz.de\\\/#\\\/schema\\\/person\\\/4202402c9293a88a6117f85d3b7b3d6d\",\"name\":\"Christiane Trost\",\"image\":{\"@type\":\"ImageObject\",\"inLanguage\":\"en-GB\",\"@id\":\"https:\\\/\\\/secure.gravatar.com\\\/avatar\\\/7ddbec4ce4085dfc7b05ffdf7db6cf182da7fe12451686502b27ceca96681b0b?s=96&d=mm&r=g\",\"url\":\"https:\\\/\\\/secure.gravatar.com\\\/avatar\\\/7ddbec4ce4085dfc7b05ffdf7db6cf182da7fe12451686502b27ceca96681b0b?s=96&d=mm&r=g\",\"contentUrl\":\"https:\\\/\\\/secure.gravatar.com\\\/avatar\\\/7ddbec4ce4085dfc7b05ffdf7db6cf182da7fe12451686502b27ceca96681b0b?s=96&d=mm&r=g\",\"caption\":\"Christiane Trost\"}}]}<\/script>\n<!-- \/ Yoast SEO plugin. -->","yoast_head_json":{"title":"REGULUS auf der FowiTa 2025: Vernetzte Forschung f\u00fcr den Wandel der Wald\u00f6kosysteme","description":"REGULUS auf der FowiTa 2025: Vernetzte Forschung f\u00fcr den Wandel der Wald\u00f6kosysteme","robots":{"index":"index","follow":"follow","max-snippet":"max-snippet:-1","max-image-preview":"max-image-preview:large","max-video-preview":"max-video-preview:-1"},"canonical":"https:\/\/regulus-waldholz.de\/en\/regulus-fowita-2025\/","og_locale":"en_GB","og_type":"article","og_title":"REGULUS auf der FowiTa 2025: Vernetzte Forschung f\u00fcr den Wandel der Wald\u00f6kosysteme","og_description":"REGULUS auf der FowiTa 2025: Vernetzte Forschung f\u00fcr den Wandel der Wald\u00f6kosysteme","og_url":"https:\/\/regulus-waldholz.de\/en\/regulus-fowita-2025\/","og_site_name":"REGULUS","article_published_time":"2025-10-08T13:01:13+00:00","article_modified_time":"2026-04-06T15:19:04+00:00","og_image":[{"width":1900,"height":798,"url":"https:\/\/regulus-waldholz.de\/wp-content\/uploads\/2025\/10\/2276-1024-e1760089124119.jpg","type":"image\/jpeg"}],"author":"Christiane Trost","twitter_card":"summary_large_image","twitter_misc":{"Written by":"Christiane Trost","Estimated reading time":"3 minutes"},"schema":{"@context":"https:\/\/schema.org","@graph":[{"@type":"Article","@id":"https:\/\/regulus-waldholz.de\/en\/regulus-fowita-2025\/#article","isPartOf":{"@id":"https:\/\/regulus-waldholz.de\/en\/regulus-fowita-2025\/"},"author":{"name":"Christiane Trost","@id":"https:\/\/regulus-waldholz.de\/#\/schema\/person\/4202402c9293a88a6117f85d3b7b3d6d"},"headline":"REGULUS auf der FowiTa 2025: Vernetzte Forschung f\u00fcr den Wandel der Wald\u00f6kosysteme","datePublished":"2025-10-08T13:01:13+00:00","dateModified":"2026-04-06T15:19:04+00:00","mainEntityOfPage":{"@id":"https:\/\/regulus-waldholz.de\/en\/regulus-fowita-2025\/"},"wordCount":421,"commentCount":0,"publisher":{"@id":"https:\/\/regulus-waldholz.de\/#organization"},"image":{"@id":"https:\/\/regulus-waldholz.de\/en\/regulus-fowita-2025\/#primaryimage"},"thumbnailUrl":"https:\/\/regulus-waldholz.de\/wp-content\/uploads\/2025\/10\/2276-1024-e1760089124119.jpg","articleSection":["Uncategorized"],"inLanguage":"en-GB","potentialAction":[{"@type":"CommentAction","name":"Comment","target":["https:\/\/regulus-waldholz.de\/en\/regulus-fowita-2025\/#respond"]}]},{"@type":"WebPage","@id":"https:\/\/regulus-waldholz.de\/en\/regulus-fowita-2025\/","url":"https:\/\/regulus-waldholz.de\/en\/regulus-fowita-2025\/","name":"REGULUS auf der FowiTa 2025: Vernetzte Forschung f\u00fcr den Wandel der Wald\u00f6kosysteme","isPartOf":{"@id":"https:\/\/regulus-waldholz.de\/#website"},"primaryImageOfPage":{"@id":"https:\/\/regulus-waldholz.de\/en\/regulus-fowita-2025\/#primaryimage"},"image":{"@id":"https:\/\/regulus-waldholz.de\/en\/regulus-fowita-2025\/#primaryimage"},"thumbnailUrl":"https:\/\/regulus-waldholz.de\/wp-content\/uploads\/2025\/10\/2276-1024-e1760089124119.jpg","datePublished":"2025-10-08T13:01:13+00:00","dateModified":"2026-04-06T15:19:04+00:00","description":"REGULUS auf der FowiTa 2025: Vernetzte Forschung f\u00fcr den Wandel der Wald\u00f6kosysteme","breadcrumb":{"@id":"https:\/\/regulus-waldholz.de\/en\/regulus-fowita-2025\/#breadcrumb"},"inLanguage":"en-GB","potentialAction":[{"@type":"ReadAction","target":["https:\/\/regulus-waldholz.de\/en\/regulus-fowita-2025\/"]}]},{"@type":"ImageObject","inLanguage":"en-GB","@id":"https:\/\/regulus-waldholz.de\/en\/regulus-fowita-2025\/#primaryimage","url":"https:\/\/regulus-waldholz.de\/wp-content\/uploads\/2025\/10\/2276-1024-e1760089124119.jpg","contentUrl":"https:\/\/regulus-waldholz.de\/wp-content\/uploads\/2025\/10\/2276-1024-e1760089124119.jpg","width":1900,"height":798},{"@type":"BreadcrumbList","@id":"https:\/\/regulus-waldholz.de\/en\/regulus-fowita-2025\/#breadcrumb","itemListElement":[{"@type":"ListItem","position":1,"name":"Startseite","item":"https:\/\/regulus-waldholz.de\/"},{"@type":"ListItem","position":2,"name":"REGULUS auf der FowiTa 2025: Vernetzte Forschung f\u00fcr den Wandel der Wald\u00f6kosysteme"}]},{"@type":"WebSite","@id":"https:\/\/regulus-waldholz.de\/#website","url":"https:\/\/regulus-waldholz.de\/","name":"REGULUS","description":"Offizielle Seite des REGULUS-Projekts","publisher":{"@id":"https:\/\/regulus-waldholz.de\/#organization"},"potentialAction":[{"@type":"SearchAction","target":{"@type":"EntryPoint","urlTemplate":"https:\/\/regulus-waldholz.de\/?s={search_term_string}"},"query-input":{"@type":"PropertyValueSpecification","valueRequired":true,"valueName":"search_term_string"}}],"inLanguage":"en-GB"},{"@type":"Organization","@id":"https:\/\/regulus-waldholz.de\/#organization","name":"REGULUS","url":"https:\/\/regulus-waldholz.de\/","logo":{"@type":"ImageObject","inLanguage":"en-GB","@id":"https:\/\/regulus-waldholz.de\/#\/schema\/logo\/image\/","url":"","contentUrl":"","caption":"REGULUS"},"image":{"@id":"https:\/\/regulus-waldholz.de\/#\/schema\/logo\/image\/"}},{"@type":"Person","@id":"https:\/\/regulus-waldholz.de\/#\/schema\/person\/4202402c9293a88a6117f85d3b7b3d6d","name":"Christiane Trost","image":{"@type":"ImageObject","inLanguage":"en-GB","@id":"https:\/\/secure.gravatar.com\/avatar\/7ddbec4ce4085dfc7b05ffdf7db6cf182da7fe12451686502b27ceca96681b0b?s=96&d=mm&r=g","url":"https:\/\/secure.gravatar.com\/avatar\/7ddbec4ce4085dfc7b05ffdf7db6cf182da7fe12451686502b27ceca96681b0b?s=96&d=mm&r=g","contentUrl":"https:\/\/secure.gravatar.com\/avatar\/7ddbec4ce4085dfc7b05ffdf7db6cf182da7fe12451686502b27ceca96681b0b?s=96&d=mm&r=g","caption":"Christiane Trost"}}]}},"brizy_media":[{"id":5951,"url":"https:\/\/regulus-waldholz.de\/wp-content\/uploads\/2023\/11\/REG-21_Illustration_Innovationsgruppen.png","name":"REG-21_Illustration_Innovationsgruppen.png","meta":{"brizy_attachment_uid":"wp-d00588b4e28b6ab56a542b996c3da60a.png","brizy_post_uid":["8391218801fc8603de84746e4dc76b77","32ddc7bb274f82262ebac30c95a89f42","12c97f64bd25c3744aa4cf990434ec99","8ce528094c4eaffe4c21be82ee803c8a","deff2c89464ea65532093109351bf978"]}},{"id":18767,"url":"https:\/\/regulus-waldholz.de\/wp-content\/uploads\/2024\/01\/20230918_Plenumfragen_01-1.jpg","name":"20230918_Plenumfragen_01-1.jpg","meta":{"brizy_attachment_uid":"wp-fc64e576c5648f29ceb2272b53f3900b.jpg","brizy_post_uid":["fa7e3a262c140959998d38cc206491dd","8ce528094c4eaffe4c21be82ee803c8a","deff2c89464ea65532093109351bf978"]}},{"id":22280,"url":"https:\/\/regulus-waldholz.de\/wp-content\/uploads\/2024\/03\/PM_HZB_20240308.png","name":"PM_HZB_20240308.png","meta":{"brizy_attachment_uid":"wp-fc37d0dfaa5102ed279360989df1c0c1.png","brizy_post_uid":["8391218801fc8603de84746e4dc76b77","deff2c89464ea65532093109351bf978"]}},{"id":24663,"url":"https:\/\/regulus-waldholz.de\/wp-content\/uploads\/2024\/06\/20230918_Kennenlernaktivitaet_05.jpg","name":"20230918_Kennenlernaktivitaet_05.jpg","meta":{"brizy_attachment_uid":"wp-ae059f574770c576f3f636340ca07e11.jpg","brizy_post_uid":["deff2c89464ea65532093109351bf978"]}},{"id":24743,"url":"https:\/\/regulus-waldholz.de\/wp-content\/uploads\/2024\/06\/Keypicture_Haende_Team-scaled-e1717584918495.jpeg","name":"Keypicture_Haende_Team.jpeg","meta":{"brizy_attachment_uid":"wp-2f4b44bddc12fe939992f480a60f450c.jpeg","brizy_post_uid":["deff2c89464ea65532093109351bf978"]}},{"id":26485,"url":"https:\/\/regulus-waldholz.de\/wp-content\/uploads\/2024\/08\/IUFRO_Praesidentin_Daniela_Kleinschmit.jpg","name":"IUFRO_Praesidentin_Daniela_Kleinschmit.jpg","meta":{"brizy_attachment_uid":"wp-09d4ed9275474fece87977d81512d15a.jpg","brizy_post_uid":["deff2c89464ea65532093109351bf978","8391218801fc8603de84746e4dc76b77"]}},{"id":26534,"url":"https:\/\/regulus-waldholz.de\/wp-content\/uploads\/2024\/08\/REGULUS_IUFRO_Gruppenbild.jpg","name":"REGULUS_IUFRO_Gruppenbild.jpg","meta":{"brizy_attachment_uid":"wp-19f9c49a2d5a68ddb8f837dd5887d6a9.jpg","brizy_post_uid":["deff2c89464ea65532093109351bf978","8391218801fc8603de84746e4dc76b77"]}},{"id":26547,"url":"https:\/\/regulus-waldholz.de\/wp-content\/uploads\/2024\/08\/Aktuelles_Forum_QST.png","name":"Aktuelles_Forum_QST.png","meta":{"brizy_attachment_uid":"wp-74f39b9b9c9904426284638868ff944e.png","brizy_post_uid":["deff2c89464ea65532093109351bf978"]}},{"id":26773,"url":"https:\/\/regulus-waldholz.de\/wp-content\/uploads\/2024\/08\/Beitrag_Statuskonferenz_2023.jpg.jpg","name":"Beitrag_Statuskonferenz_2023.jpg.jpg","meta":{"brizy_attachment_uid":"wp-51867c6d5a63593895b5434745f34c19.jpg","brizy_post_uid":["deff2c89464ea65532093109351bf978"]}},{"id":26891,"url":"https:\/\/regulus-waldholz.de\/wp-content\/uploads\/2024\/10\/Konferenz-KI.jpg","name":"Konferenz-KI.jpg","meta":{"brizy_attachment_uid":"wp-136b033677b64c9920d08ed0e223876d.jpg","brizy_post_uid":["deff2c89464ea65532093109351bf978"]}},{"id":27006,"url":"https:\/\/regulus-waldholz.de\/wp-content\/uploads\/2024\/10\/Stellen.png","name":"Stellen.png","meta":{"brizy_attachment_uid":"wp-252fc9de9400112c03927a0af437da09.png","brizy_post_uid":["deff2c89464ea65532093109351bf978"]}},{"id":27037,"url":"https:\/\/regulus-waldholz.de\/wp-content\/uploads\/wpforo\/default_attachments\/1730211989-REGULUS-Freiburg_Guppenbild_CW_20241008_068.jpg","name":"1730211989-REGULUS-Freiburg_Guppenbild_CW_20241008_068.jpg","meta":{"brizy_attachment_uid":"wp-8d2a7b22b7cdb41bfc08aa46cf2c1805.jpg","brizy_post_uid":["acf65595b5bfc29421fdff1ca9a5abaa","deff2c89464ea65532093109351bf978"]}},{"id":27137,"url":"https:\/\/regulus-waldholz.de\/wp-content\/uploads\/2024\/12\/IMG_6439-scaled.jpeg","name":"IMG_6439.jpeg","meta":{"brizy_attachment_uid":"wp-501bc3752778444c9886ee628e670fae.jpeg","brizy_post_uid":["deff2c89464ea65532093109351bf978"]}},{"id":27177,"url":"https:\/\/regulus-waldholz.de\/wp-content\/uploads\/2024\/12\/Beitrag_MonitoringbioEconomy-e1733935039313.png","name":"Beitrag_MonitoringbioEconomy.png","meta":{"brizy_attachment_uid":"wp-fc5d502a6521f2f9ed3cdacc3b84ab22.png","brizy_post_uid":["deff2c89464ea65532093109351bf978"]}},{"id":27337,"url":"https:\/\/regulus-waldholz.de\/wp-content\/uploads\/2025\/01\/schoene-sommerlandschaft-mit-fluss-wald-sonne-und-blauen-himmel-natuerlicher-hintergrund_1161-358.jpg","name":"schoene-sommerlandschaft-mit-fluss-wald-sonne-und-blauen-himmel-natuerlicher-hintergrund_1161-358.jpg","meta":{"brizy_attachment_uid":"wp-fe2adfc40fcd36dc6d9fb750d1199cd8.jpg","brizy_post_uid":["deff2c89464ea65532093109351bf978"]}},{"id":27512,"url":"https:\/\/regulus-waldholz.de\/wp-content\/uploads\/2025\/02\/REGULUS-Freiburg_Guppenbild_20241008_068.jpg","name":"REGULUS-Freiburg_Guppenbild_20241008_068.jpg","meta":{"brizy_attachment_uid":"wp-c9ffff4b83e546edb926fc0b919c03ad.jpg","brizy_post_uid":["acf65595b5bfc29421fdff1ca9a5abaa","deff2c89464ea65532093109351bf978"]}},{"id":27525,"url":"https:\/\/regulus-waldholz.de\/wp-content\/uploads\/2025\/02\/Beitrag_Auwald_A-Dur.png","name":"Beitrag_Auwald_A-Dur.png","meta":{"brizy_attachment_uid":"wp-d3fda3d44431189bd8a3308f9328a9e9.png","brizy_post_uid":["deff2c89464ea65532093109351bf978"]}},{"id":27540,"url":"https:\/\/regulus-waldholz.de\/wp-content\/uploads\/2025\/02\/Beitrag_Auenmagazin_A-Dur.png","name":"Beitrag_Auenmagazin_A-Dur.png","meta":{"brizy_attachment_uid":"wp-8eecdaedf74ad8f2261252afa35f8402.png","brizy_post_uid":["deff2c89464ea65532093109351bf978","8ce528094c4eaffe4c21be82ee803c8a"]}},{"id":27551,"url":"https:\/\/regulus-waldholz.de\/wp-content\/uploads\/2025\/02\/Beitrag_Synthesepublikation_2023.png","name":"Beitrag_Synthesepublikation_2023.png","meta":{"brizy_attachment_uid":"wp-434ef84421c865f9da4081925f81aa45.png","brizy_post_uid":["deff2c89464ea65532093109351bf978","8391218801fc8603de84746e4dc76b77"]}},{"id":27614,"url":"https:\/\/regulus-waldholz.de\/wp-content\/uploads\/2025\/02\/Logo_A-Dur_final_JPG-scaled.jpg","name":"Logo_A-Dur_final_JPG.jpg","meta":{"brizy_attachment_uid":"wp-103b11b1fa4a5cb085fde0318132486a.jpg","brizy_post_uid":["12c97f64bd25c3744aa4cf990434ec99","7d600218166c01f67b5615bf972357a1","deff2c89464ea65532093109351bf978","8ce528094c4eaffe4c21be82ee803c8a"]}},{"id":27876,"url":"https:\/\/regulus-waldholz.de\/wp-content\/uploads\/2025\/03\/Beitrag_Stellenanzeige_ADAPT_2025.png","name":"Beitrag_Stellenanzeige_ADAPT_2025.png","meta":{"brizy_attachment_uid":"wp-b82c787bfebfc4fb7815e805ab004158.png","brizy_post_uid":["deff2c89464ea65532093109351bf978"]}},{"id":27899,"url":"https:\/\/regulus-waldholz.de\/wp-content\/uploads\/2025\/04\/REGULUS_Vernetzung_Holzforschung-e1743590095341.jpg","name":"REGULUS_Vernetzung_Holzforschung.jpg","meta":{"brizy_attachment_uid":"wp-6bbcaa2ec2ae0cd0a7fa2cfc0c6202ee.jpg","brizy_post_uid":["deff2c89464ea65532093109351bf978","8391218801fc8603de84746e4dc76b77"]}},{"id":28062,"url":"https:\/\/regulus-waldholz.de\/wp-content\/uploads\/2025\/05\/Beitrag_Synthese_2025.png","name":"Beitrag_Synthese_2025.png","meta":{"brizy_attachment_uid":"wp-21d5c25f6890ae8463313c2df9bbd1f9.png","brizy_post_uid":["deff2c89464ea65532093109351bf978","8391218801fc8603de84746e4dc76b77"]}},{"id":28132,"url":"https:\/\/regulus-waldholz.de\/wp-content\/uploads\/2025\/06\/Beitrag_Reallabor_Exkursion_Harz-scaled-e1749202551264.jpg","name":"Beitrag_Reallabor_Exkursion_Harz.jpg","meta":{"brizy_attachment_uid":"wp-05799f66b5a7fba7dd27da82ecc9c93f.jpg","brizy_post_uid":["deff2c89464ea65532093109351bf978","8391218801fc8603de84746e4dc76b77"]}},{"id":28523,"url":"https:\/\/regulus-waldholz.de\/wp-content\/uploads\/2025\/10\/2276-1024-e1760089124119.jpg","name":"2276-1024.jpg","meta":{"brizy_attachment_uid":"wp-cae7282fec6e317902865242032aeb5d.jpg","brizy_post_uid":["deff2c89464ea65532093109351bf978","8391218801fc8603de84746e4dc76b77"]}},{"id":28791,"url":"https:\/\/regulus-waldholz.de\/wp-content\/uploads\/2025\/11\/SmartForest.png","name":"SmartForest.png","meta":{"brizy_attachment_uid":"wp-9b16a260c5eabd6ba9962a70ba36ef63.png","brizy_post_uid":["deff2c89464ea65532093109351bf978"]}},{"id":28853,"url":"https:\/\/regulus-waldholz.de\/wp-content\/uploads\/2025\/11\/20251112_124739-scaled-e1763555819814.jpg","name":"20251112_124739.jpg","meta":{"brizy_attachment_uid":"wp-b0462eb03417ff1fddb6db23c88e59a7.jpg","brizy_post_uid":["8391218801fc8603de84746e4dc76b77","deff2c89464ea65532093109351bf978"]}},{"id":28886,"url":"https:\/\/regulus-waldholz.de\/wp-content\/uploads\/2025\/11\/20251112_112316-scaled-e1763632495168.jpg","name":"20251112_112316.jpg","meta":{"brizy_attachment_uid":"wp-6ad785591c0be12d117a6cb9f01a3a40.jpg","brizy_post_uid":["deff2c89464ea65532093109351bf978"]}},{"id":29207,"url":"https:\/\/regulus-waldholz.de\/wp-content\/uploads\/2026\/01\/PXL_20260116_131435225.MP_-scaled.jpg","name":"PXL_20260116_131435225.MP_.jpg","meta":{"brizy_attachment_uid":"wp-31c2b624502c9830594ce16fafa6f154.jpg","brizy_post_uid":["deff2c89464ea65532093109351bf978","8391218801fc8603de84746e4dc76b77"]}},{"id":29210,"url":"https:\/\/regulus-waldholz.de\/wp-content\/uploads\/2026\/01\/PXL_20260116_151737270.MP_-scaled.jpg","name":"PXL_20260116_151737270.MP_.jpg","meta":{"brizy_attachment_uid":"wp-1ffa308e084c954d6ab4235927dfbfc6.jpg","brizy_post_uid":["deff2c89464ea65532093109351bf978"]}},{"id":29211,"url":"https:\/\/regulus-waldholz.de\/wp-content\/uploads\/2026\/01\/PXL_20260116_155510148-scaled.jpg","name":"PXL_20260116_155510148.jpg","meta":{"brizy_attachment_uid":"wp-696f46c5ee6483c7d3f9f5e4972452c8.jpg","brizy_post_uid":["deff2c89464ea65532093109351bf978","8391218801fc8603de84746e4dc76b77"]}},{"id":29329,"url":"https:\/\/regulus-waldholz.de\/wp-content\/uploads\/2026\/03\/IMG_20260317_143927206_TK-scaled.jpg","name":"IMG_20260317_143927206_TK.jpg","meta":{"brizy_attachment_uid":"wp-be3422d718f62323ef79b4ee3a076458.jpg","brizy_post_uid":["deff2c89464ea65532093109351bf978","8391218801fc8603de84746e4dc76b77","8ce528094c4eaffe4c21be82ee803c8a"]}},{"id":29352,"url":"https:\/\/regulus-waldholz.de\/wp-content\/uploads\/2026\/04\/20260316_163559-scaled.jpg","name":"20260316_163559.jpg","meta":{"brizy_attachment_uid":"wp-1009cd48f50b2df1c04c2022a087361c.jpg","brizy_post_uid":["deff2c89464ea65532093109351bf978"]}},{"id":29353,"url":"https:\/\/regulus-waldholz.de\/wp-content\/uploads\/2026\/04\/20260316_141547_TN-scaled.jpg","name":"20260316_141547_TN.jpg","meta":{"brizy_attachment_uid":"wp-ca9831a06b68733bf9f2a1a68b7c7362.jpg","brizy_post_uid":["deff2c89464ea65532093109351bf978"]}},{"id":29354,"url":"https:\/\/regulus-waldholz.de\/wp-content\/uploads\/2026\/04\/Reallabor_Exkursion_Labforest_2026-scaled.png","name":"Reallabor_Exkursion_Labforest_2026.png","meta":{"brizy_attachment_uid":"wp-e6ea10c001aa971ede319317efc74bb5.png","brizy_post_uid":["deff2c89464ea65532093109351bf978"]}}],"_links":{"self":[{"href":"https:\/\/regulus-waldholz.de\/en\/wp-json\/wp\/v2\/posts\/28521","targetHints":{"allow":["GET"]}}],"collection":[{"href":"https:\/\/regulus-waldholz.de\/en\/wp-json\/wp\/v2\/posts"}],"about":[{"href":"https:\/\/regulus-waldholz.de\/en\/wp-json\/wp\/v2\/types\/post"}],"author":[{"embeddable":true,"href":"https:\/\/regulus-waldholz.de\/en\/wp-json\/wp\/v2\/users\/6"}],"replies":[{"embeddable":true,"href":"https:\/\/regulus-waldholz.de\/en\/wp-json\/wp\/v2\/comments?post=28521"}],"version-history":[{"count":30,"href":"https:\/\/regulus-waldholz.de\/en\/wp-json\/wp\/v2\/posts\/28521\/revisions"}],"predecessor-version":[{"id":28769,"href":"https:\/\/regulus-waldholz.de\/en\/wp-json\/wp\/v2\/posts\/28521\/revisions\/28769"}],"wp:featuredmedia":[{"embeddable":true,"href":"https:\/\/regulus-waldholz.de\/en\/wp-json\/wp\/v2\/media\/28523"}],"wp:attachment":[{"href":"https:\/\/regulus-waldholz.de\/en\/wp-json\/wp\/v2\/media?parent=28521"}],"wp:term":[{"taxonomy":"category","embeddable":true,"href":"https:\/\/regulus-waldholz.de\/en\/wp-json\/wp\/v2\/categories?post=28521"},{"taxonomy":"post_tag","embeddable":true,"href":"https:\/\/regulus-waldholz.de\/en\/wp-json\/wp\/v2\/tags?post=28521"}],"curies":[{"name":"wp","href":"https:\/\/api.w.org\/{rel}","templated":true}]}}