{"id":28648,"date":"2025-10-14T11:37:53","date_gmt":"2025-10-14T11:37:53","guid":{"rendered":"https:\/\/regulus-waldholz.de\/?p=28648"},"modified":"2026-04-06T22:13:37","modified_gmt":"2026-04-06T22:13:37","slug":"statuskonferenz_3","status":"publish","type":"post","link":"https:\/\/regulus-waldholz.de\/en\/statuskonferenz_3\/","title":{"rendered":"Anmeldung zur 3. REGULUS-Statuskonferenz!"},"content":{"rendered":"<div class=\"brz brz-root__container brz-reset-all brz-root__container-page\">\n<section id=\"khmqqyabxxpafhsboavcomfcazuvwbbnyzyn_khmqqyabxxpafhsboavcomfcazuvwbbnyzyn\" class=\"brz-section brz-css-d-section brz-css-n2kf4n\">\n<div class=\"brz-section__content brz-section--boxed brz-css-d-sectionitem-bg brz-css-u3bhsg\" data-brz-custom-id=\"hyorlypycrpzmkxtcozkkyibeyxtwnigkfiz\">\n<div class=\"brz-container brz-css-d-sectionitem-container brz-css-13dmn24\">\n<div class=\"brz-row__container brz-css-d-row-row brz-css-19qm3jn\" data-brz-custom-id=\"ruojctbvoyibvwfinozhvcjytsbznulyqqqu\">\n<div class=\"brz-row brz-css-d-row-container brz-css-1yte2g8\">\n<div class=\"brz-columns brz-css-d-column-column brz-css-2j5abo\" data-brz-custom-id=\"ajfgvvvkddrikljwzphtwfnjyaoscpenvzls\">\n<div class=\"brz-column__items brz-css-d-column-bg brz-css-10rd05u\">\n<div class=\"brz-row__container brz-css-d-row-row brz-css-1hbxmz9\" data-brz-custom-id=\"ccomdzuftzfpkdcduscljadavbophhqgjnse\">\n<div class=\"brz-row brz-row--inner brz-css-d-row-container brz-css-1dmvmwh\">\n<div class=\"brz-columns brz-css-d-column-column brz-css-14mcujb\" data-brz-custom-id=\"eoolqtlhapccjgwbmoeiskptpwfnyfznfxia\">\n<div class=\"brz-column__items brz-css-d-column-bg brz-css-19csu8t\">\n<div id=\"\" class=\"brz-css-d-wrapper brz-css-1n3uvjc brz-wrapper\">\n<div class=\"brz-rich-text brz-rich-text__custom brz-css-d-richtext brz-css-nrakc7\" data-brz-custom-id=\"askctrrzcrfmbnivpfoqiwgufwmkgzhupfxa\">\n<div data-brz-translate-text=\"1\">\n<p class=\"brz-tp-lg-paragraph brz-text-lg-left brz-text-xs-center brz-ff-vlrydgomvryeylapbxihpexweubhquwlamdc brz-ft-upload brz-fs-lg-40 brz-fss-lg-px brz-fw-lg-600 brz-ls-lg-0 brz-lh-lg-1_2 brz-css-wi4Ys\" data-uniq-id=\"irfzq\" data-generated-css=\"brz-css-ysqnw\"><a class=\"brz-cp-color2 is-empty\" style=\"opacity: 1\" href=\"https:\/\/regulus-waldholz.de\/en\/aktuelles\/\" data-brz-link-type=\"page\"><u>Zur\u00fcck<\/u><\/a><\/p>\n<\/div>\n<\/div>\n<\/div>\n<div id=\"\" class=\"brz-css-d-wrapper brz-css-r-wrapper brz-css-1ss3h26 brz-wrapper\">\n<div class=\"brz-spacer brz-css-d-spacer brz-css-1n0h8dg\"><\/div>\n<\/div>\n<div id=\"\" class=\"brz-css-d-wrapper brz-css-idy40k brz-wrapper\">\n<div class=\"brz-rich-text brz-rich-text__custom brz-css-d-richtext brz-css-itwkj5\" data-brz-custom-id=\"xxeugztmaxbhonbedsvhgcituqzadcvbsonv\">\n<div data-brz-translate-text=\"1\">\n<h2 class=\"brz-text-xs-center brz-ff-vlrydgomvryeylapbxihpexweubhquwlamdc brz-ft-upload brz-fs-lg-16 brz-fss-lg-px brz-fw-lg-400 brz-ls-lg-0 brz-lh-lg-1_6 brz-tp-lg-heading2 brz-text-lg-center brz-css-zYE7u\" data-uniq-id=\"rcoWa\" data-generated-css=\"brz-css-qc2lf\"><strong class=\"brz-cp-color2\" style=\"opacity: 1\">Jetzt anmelden zur 3. REGULUS-Statuskonferenz!<\/strong><\/h2>\n<\/div>\n<\/div>\n<\/div>\n<\/div>\n<\/div>\n<\/div>\n<\/div>\n<div id=\"\" class=\"brz-css-d-wrapper brz-css-r-wrapper brz-css-9qr371 brz-wrapper\">\n<div class=\"brz-spacer brz-css-d-spacer brz-css-19cv08w\"><\/div>\n<\/div>\n<\/div>\n<\/div>\n<\/div>\n<\/div>\n<div class=\"brz-row__container brz-css-d-row-row brz-css-f017e7\" data-brz-custom-id=\"bakhvwihtxiegvgreuxcugzorwxkodlwmtmm\">\n<div class=\"brz-row brz-css-d-row-container brz-css-ano6hu\">\n<div class=\"brz-columns brz-css-d-column-column brz-css-7f9p2y\" data-brz-custom-id=\"hkreknfwmgwakgxcotcawjgzuldfjsaznfzm\">\n<div class=\"brz-column__items brz-css-d-column-bg brz-css-gao00k\">\n<div id=\"\" class=\"brz-css-d-wrapper brz-css-18pcga7 brz-wrapper\">\n<div class=\"brz-image brz-css-d-image-ecbmspxsmmgygqkzgabumybdgyxvervfrpbp-parent brz-css-13nh1qf\" data-brz-custom-id=\"ecbmspxsmmgygqkzgabumybdgyxvervfrpbp\"><img decoding=\"async\" class=\"brz-img lazyload\" data-src=\"https:\/\/regulus-waldholz.de\/wp-content\/uploads\/2024\/08\/Beitrag_Statuskonferenz_2023.jpg.jpg\" title=\"Gruppenbild der Teilnehmenden bei der REGULUS Statuskonferenz 2023 vor dem W\u00e4lderhaus in Hamburg Wilhelmsburg \u00a9 HARLAPP\" src=\"data:image\/svg+xml;base64,PHN2ZyB3aWR0aD0iMSIgaGVpZ2h0PSIxIiB4bWxucz0iaHR0cDovL3d3dy53My5vcmcvMjAwMC9zdmciPjwvc3ZnPg==\" style=\"--smush-placeholder-width: 1280px; --smush-placeholder-aspect-ratio: 1280\/689;\"><\/div>\n<\/div>\n<div id=\"\" class=\"brz-css-d-wrapper brz-css-r-wrapper brz-css-i2qlvf brz-wrapper\">\n<div class=\"brz-spacer brz-css-d-spacer brz-css-14toitk\"><\/div>\n<\/div>\n<div id=\"\" class=\"brz-css-d-wrapper brz-css-1l84t3l brz-wrapper\">\n<div class=\"brz-rich-text brz-rich-text__custom brz-css-d-richtext brz-css-t8l0hc\" data-brz-custom-id=\"zhcepxgamsgyrflqgflsmwpsylklqaowusqg\">\n<div data-brz-translate-text=\"1\">\n<p class=\"brz-tp-lg-kjaurkgigwojmsxotpballhnodyrnrsgipoe brz-text-lg-right brz-css-vDaf9\" data-generated-css=\"brz-css-cYWFf\" data-uniq-id=\"gBrAF\"><span class=\"brz-cp-color2\">REGULUS-Community auf der 1. REGULUS-Statuskonferenz 2023 in Hamburg<\/span><\/p>\n<\/div>\n<\/div>\n<\/div>\n<\/div>\n<\/div>\n<div class=\"brz-columns brz-css-d-column-column brz-css-1w6j444\" data-brz-custom-id=\"zzx6hR6d7_7u\">\n<div class=\"brz-column__items brz-css-d-column-bg brz-css-1n37rs3\">\n<div id=\"\" class=\"brz-css-d-wrapper brz-css-10peu3b brz-wrapper\">\n<div class=\"brz-image brz-css-d-image-rnwan_7jsjen-parent brz-css-c1nu5a\" data-brz-custom-id=\"rnWaN_7jSJeN\"><img decoding=\"async\" class=\"brz-img lazyload\" data-src=\"https:\/\/regulus-waldholz.de\/wp-content\/uploads\/2025\/02\/REGULUS-Freiburg_Guppenbild_20241008_068.jpg\" title=\"\" src=\"data:image\/svg+xml;base64,PHN2ZyB3aWR0aD0iMSIgaGVpZ2h0PSIxIiB4bWxucz0iaHR0cDovL3d3dy53My5vcmcvMjAwMC9zdmciPjwvc3ZnPg==\" style=\"--smush-placeholder-width: 2362px; --smush-placeholder-aspect-ratio: 2362\/1654;\"><\/div>\n<\/div>\n<div id=\"\" class=\"brz-css-d-wrapper brz-css-r-wrapper brz-css-1os4if5 brz-wrapper\">\n<div class=\"brz-spacer brz-css-d-spacer brz-css-ibeel8\"><\/div>\n<\/div>\n<div id=\"\" class=\"brz-css-d-wrapper brz-css-1rlvfhi brz-wrapper\">\n<div class=\"brz-rich-text brz-rich-text__custom brz-css-d-richtext brz-css-6ag2nk\" data-brz-custom-id=\"jmFvXhlwoWvW\">\n<div data-brz-translate-text=\"1\">\n<p data-generated-css=\"brz-css-z78fi\" data-uniq-id=\"qHMIL\" class=\"brz-tp-lg-kjaurkgigwojmsxotpballhnodyrnrsgipoe brz-bcp-color2 brz-text-lg-center brz-css-pSyB7\"><span class=\"brz-cp-color2\">REGULUS-Community auf der 2. REGULUS-Statuskonferenz 2024 in Freiburg<\/span><\/p>\n<\/div>\n<\/div>\n<\/div>\n<\/div>\n<\/div>\n<\/div>\n<\/div>\n<div id=\"\" class=\"brz-css-d-wrapper brz-css-r-wrapper brz-css-m83j8h brz-wrapper\">\n<div class=\"brz-spacer brz-css-d-spacer brz-css-4nslm4\"><\/div>\n<\/div>\n<div id=\"\" class=\"brz-css-d-wrapper brz-css-pch79v brz-wrapper\">\n<div class=\"brz-rich-text brz-rich-text__custom brz-css-d-richtext brz-css-1q0vu4b\" data-brz-custom-id=\"xMhk_bJKpY_B\">\n<div data-brz-translate-text=\"1\">\n<p class=\"brz-text-lg-justify brz-ff-vlrydgomvryeylapbxihpexweubhquwlamdc brz-ft-upload brz-fs-lg-16 brz-fss-lg-px brz-fw-lg-600 brz-ls-lg-0 brz-lh-lg-1_7 brz-vfw-lg-400 brz-fwdth-lg-100 brz-fsft-lg-0 brz-tp-lg-paragraph brz-css-ok9YO\" data-uniq-id=\"pz11z\" data-generated-css=\"brz-css-o8kV0\"><span class=\"brz-cp-color2\">Die dritte REGULUS-Statuskonferenz steht unter dem Motto \u201eREGULUS im Dialog: Forschungsergebnisse im Praxistransfer\u201c und richtet den Fokus auf den Austausch zwischen Wissenschaft und Praxis. Zum Abschluss der Forschungs- und Entwicklungsphase bietet die Statuskonferenz den zehn regionalen Innovationsgruppen eine Plattform, um Ergebnisse zu pr\u00e4sentieren und gemeinsam mit Praxispartner*innen, Stakeholder*innen und Vertreter*innen aus Politik und Verwaltung zu diskutieren: Wie gelingt der Transfer wissenschaftlicher Erkenntnisse in die Praxis? Und welche Lehren lassen sich aus der transdisziplin\u00e4ren Forschung ziehen?<\/span><\/p>\n<p class=\"brz-text-lg-justify brz-ff-vlrydgomvryeylapbxihpexweubhquwlamdc brz-ft-upload brz-fs-lg-16 brz-fss-lg-px brz-fw-lg-600 brz-ls-lg-0 brz-lh-lg-1_7 brz-vfw-lg-400 brz-fwdth-lg-100 brz-fsft-lg-0 brz-tp-lg-paragraph brz-css-ckSRV\" data-uniq-id=\"stwyd\" data-generated-css=\"brz-css-kOnlj\"><span class=\"brz-cp-color2\"> <\/span><\/p>\n<p class=\"brz-fsft-lg-0 brz-fwdth-lg-100 brz-vfw-lg-400 brz-lh-lg-1_7 brz-ls-lg-0 brz-fw-lg-600 brz-fss-lg-px brz-fs-lg-18 brz-ft-upload brz-ff-vlrydgomvryeylapbxihpexweubhquwlamdc brz-text-lg-left brz-tp-lg-paragraph brz-css-gxOZY\" data-uniq-id=\"l97sS\" data-generated-css=\"brz-css-ifzfO\"><strong class=\"brz-bold-true brz-cp-color7\">Die Konferenz beginnt in M\u00fcnchen am Dienstag, 17. M\u00e4rz 2026 um 11:30 Uhr und endet am Mittwoch, 18. M\u00e4rz 2026 um 12:30 Uhr.<\/strong><strong class=\"brz-bold-true brz-cp-color2\"> <\/strong><\/p>\n<p class=\"brz-text-lg-justify brz-tp-lg-empty brz-ff-vlrydgomvryeylapbxihpexweubhquwlamdc brz-ft-upload brz-fs-lg-16 brz-fss-lg-px brz-fw-lg-600 brz-ls-lg-0 brz-lh-lg-1_7 brz-vfw-lg-400 brz-fwdth-lg-100 brz-fsft-lg-0 brz-css-exGBL\" data-uniq-id=\"lTSay\" data-generated-css=\"brz-css-osh2y\"><span class=\"brz-cp-color2\"> <\/span><\/p>\n<\/div>\n<\/div>\n<\/div>\n<div id=\"\" class=\"brz-css-d-wrapper brz-css-r-wrapper brz-css-18kfnaw brz-wrapper\">\n<div class=\"brz-spacer brz-css-d-spacer brz-css-qhw8aw\"><\/div>\n<\/div>\n<div class=\"brz-row__container brz-css-d-row-row brz-css-bxrb0l\" data-brz-custom-id=\"vuzjextrzfeqwhzqqwcqllvasohfivlsktfi\">\n<div class=\"brz-row brz-css-d-row-container brz-css-1hfm7ah\">\n<div class=\"brz-columns brz-css-d-column-column brz-css-1ja3lyk\" data-brz-custom-id=\"wQnN2fndRrgZ\">\n<div class=\"brz-bg\">\n<div class=\"brz-bg-color\"><\/div>\n<\/div>\n<div class=\"brz-column__items brz-css-d-column-bg brz-css-1inlzfh\">\n<div id=\"\" class=\"brz-css-d-wrapper brz-css-ua63o7 brz-wrapper\">\n<div class=\"brz-rich-text brz-rich-text__custom brz-css-d-richtext brz-css-1i2hbxz\" data-brz-custom-id=\"cmU2pOmmeVIS\">\n<div data-brz-translate-text=\"1\">\n<h3 class=\"brz-tp-lg-heading3 brz-bcp-color7 brz-text-lg-left brz-fsft-lg-0 brz-fwdth-lg-100 brz-vfw-lg-400 brz-lh-lg-1_6 brz-ls-lg-0 brz-fw-lg-400 brz-fss-lg-px brz-fs-lg-16 brz-ft-upload brz-ff-vlrydgomvryeylapbxihpexweubhquwlamdc brz-text-xs-center brz-css-aFYxV\" data-uniq-id=\"ak78J\" data-generated-css=\"brz-css-dkjMy\"><span class=\"brz-cp-color7\">Konferenzhighlights<\/span><\/h3>\n<h3 class=\"brz-text-lg-left brz-tp-lg-heading3 brz-fsft-lg-0 brz-fwdth-lg-100 brz-vfw-lg-400 brz-lh-lg-1_6 brz-ls-lg-0 brz-fw-lg-400 brz-fss-lg-px brz-fs-lg-16 brz-ft-upload brz-ff-vlrydgomvryeylapbxihpexweubhquwlamdc brz-text-xs-center brz-bcp-color7 brz-css-eoWVf\" data-uniq-id=\"ebyAm\" data-generated-css=\"brz-css-fxmP6\"><\/h3>\n<p class=\"brz-text-lg-left brz-fsft-lg-0 brz-fwdth-lg-100 brz-vfw-lg-400 brz-lh-lg-1_6 brz-ls-lg-0 brz-fw-lg-400 brz-fss-lg-px brz-fs-lg-16 brz-ft-upload brz-ff-vlrydgomvryeylapbxihpexweubhquwlamdc brz-tp-lg-empty brz-text-xs-center brz-bcp-color7 brz-css-v5omx\" data-uniq-id=\"jgT47\" data-generated-css=\"brz-css-sWpQ7\"><span class=\"brz-cp-color7 brz-span\"> <\/span><\/p>\n<ol>\n<li class=\"brz-text-lg-left brz-bcp-color7 brz-fsft-lg-0 brz-fwdth-lg-100 brz-vfw-lg-400 brz-lh-lg-1_6 brz-ls-lg-0 brz-fw-lg-400 brz-fss-lg-px brz-fs-lg-16 brz-ft-upload brz-ff-vlrydgomvryeylapbxihpexweubhquwlamdc brz-tp-lg-empty brz-text-xs-center brz-css-xijFk\" data-uniq-id=\"af5VP\" data-generated-css=\"brz-css-xD473\"><span class=\"brz-cp-color7 brz-span\">Pr\u00e4sentationen der Forschungsergebnisse<\/span><span class=\"brz-cp-color7\"> aus den REGULUS-Innovationsgruppen \u2013 von innovativen Ans\u00e4tzen bis zu praxisrelevanten L\u00f6sungen. <\/span><\/li>\n<\/ol>\n<p class=\"brz-fsft-lg-0 brz-fwdth-lg-100 brz-vfw-lg-400 brz-lh-lg-1_6 brz-ls-lg-0 brz-fw-lg-400 brz-fss-lg-px brz-fs-lg-16 brz-ft-upload brz-ff-vlrydgomvryeylapbxihpexweubhquwlamdc brz-tp-lg-empty brz-text-lg-justify brz-text-xs-center brz-bcp-color7 brz-css-jzboy\" data-uniq-id=\"iJuQ0\" data-generated-css=\"brz-css-aXG4T\"><span class=\"brz-cp-color7\"> <\/span><\/p>\n<ul>\n<li class=\"brz-fsft-lg-0 brz-fwdth-lg-100 brz-vfw-lg-400 brz-lh-lg-1_6 brz-ls-lg-0 brz-fw-lg-400 brz-fss-lg-px brz-fs-lg-16 brz-ft-upload brz-ff-vlrydgomvryeylapbxihpexweubhquwlamdc brz-tp-lg-empty brz-text-lg-justify brz-text-xs-center brz-bcp-color7 brz-css-lnfvu\" data-uniq-id=\"aAqGw\" data-generated-css=\"brz-css-u6KQi\"><span class=\"brz-cp-color7\">Keynote von Prof. Dr. Ulrich Schraml (Direktor der Forstlichen Versuchs- und Forschungsanstalt Baden-W\u00fcrttemberg) zu aktuellen Herausforderungen und Chancen der transdisziplin\u00e4ren Forschung. <\/span><\/li>\n<\/ul>\n<p class=\"brz-fsft-lg-0 brz-fwdth-lg-100 brz-vfw-lg-400 brz-lh-lg-1_6 brz-ls-lg-0 brz-fw-lg-400 brz-fss-lg-px brz-fs-lg-16 brz-ft-upload brz-ff-vlrydgomvryeylapbxihpexweubhquwlamdc brz-tp-lg-empty brz-text-xs-center brz-text-lg-center brz-bcp-color7 brz-css-qFHMC\" data-uniq-id=\"kEuqM\" data-generated-css=\"brz-css-ltw7e\"><span class=\"brz-cp-color7 brz-span\"> <\/span><\/p>\n<ul>\n<li class=\"brz-fsft-lg-0 brz-fwdth-lg-100 brz-vfw-lg-400 brz-lh-lg-1_6 brz-ls-lg-0 brz-fw-lg-400 brz-fss-lg-px brz-fs-lg-16 brz-ft-upload brz-ff-vlrydgomvryeylapbxihpexweubhquwlamdc brz-tp-lg-empty brz-text-lg-left brz-text-xs-center brz-bcp-color7 brz-css-nLzi8\" data-uniq-id=\"iiK2b\" data-generated-css=\"brz-css-q2ETO\"><span class=\"brz-cp-color7\">Interaktive Sessions zum Thema Praxistransfer und transdisziplin\u00e4re Forschung, in denen Strategien f\u00fcr die Umsetzungsphase gemeinsam erarbeitet werden. <\/span><\/li>\n<\/ul>\n<p class=\"brz-fsft-lg-0 brz-fwdth-lg-100 brz-vfw-lg-400 brz-lh-lg-1_6 brz-ls-lg-0 brz-fw-lg-400 brz-fss-lg-px brz-fs-lg-16 brz-ft-upload brz-ff-vlrydgomvryeylapbxihpexweubhquwlamdc brz-tp-lg-empty brz-text-lg-left brz-text-xs-center brz-css-ouJoM\" data-uniq-id=\"jM0N9\" data-generated-css=\"brz-css-zPWii\"><span class=\"brz-cp-color7\"> <\/span><\/p>\n<ul>\n<li class=\"brz-fsft-lg-0 brz-fwdth-lg-100 brz-vfw-lg-400 brz-lh-lg-1_6 brz-ls-lg-0 brz-fw-lg-400 brz-fss-lg-px brz-fs-lg-16 brz-ft-upload brz-ff-vlrydgomvryeylapbxihpexweubhquwlamdc brz-tp-lg-empty brz-text-lg-left brz-text-xs-center brz-bcp-color7 brz-css-kc1mf\" data-uniq-id=\"gqH06\" data-generated-css=\"brz-css-vdTKX\"><span class=\"brz-cp-color7\">Gemeinsames Abendessen am 17. M\u00e4rz 2026 ab 18:30 Uhr \u2013 eine Gelegenheit f\u00fcr informellen Austausch und Vernetzung. <\/span><\/li>\n<\/ul>\n<p class=\"brz-fsft-lg-0 brz-fwdth-lg-100 brz-vfw-lg-400 brz-lh-lg-1_6 brz-ls-lg-0 brz-fw-lg-400 brz-fss-lg-px brz-fs-lg-16 brz-ft-upload brz-ff-vlrydgomvryeylapbxihpexweubhquwlamdc brz-tp-lg-empty brz-text-lg-left brz-text-xs-center brz-css-fl3h8\" data-uniq-id=\"hXlA5\" data-generated-css=\"brz-css-tZFgy\"><span class=\"brz-cp-color7\"> <\/span><\/p>\n<ul>\n<li class=\"brz-bcp-color7 brz-fsft-lg-0 brz-fwdth-lg-100 brz-vfw-lg-400 brz-lh-lg-1_6 brz-ls-lg-0 brz-fw-lg-400 brz-fss-lg-px brz-fs-lg-16 brz-ft-upload brz-ff-vlrydgomvryeylapbxihpexweubhquwlamdc brz-tp-lg-empty brz-text-lg-left brz-text-xs-center brz-css-kfxka\" data-uniq-id=\"nAS90\" data-generated-css=\"brz-css-h8HiD\"><span class=\"brz-cp-color7\">Exkursion zur Reallaborfl\u00e4che \u201eLabForest\u201c ist optional m\u00f6glich am <\/span><strong class=\"brz-cp-color7 brz-bold-true\">Montag, 16. M\u00e4rz 2026<\/strong><span class=\"brz-cp-color7\">. Ein Shuttleservice zwischen dem Gasteig HP8 und der Reallaborfl\u00e4che nahe Landshut wird organisiert. Abfahrt M\u00fcnchen am Gasteig HP8 um 9:30 Uhr und R\u00fcckkehr in M\u00fcnchen am Gasteig HP8 um 17:30 Uhr. F\u00fcr Verpflegung ist gesorgt, ein Mittagessen wird vor Ort bereitgestellt. <\/span><\/li>\n<\/ul>\n<p class=\"brz-fsft-lg-0 brz-fwdth-lg-100 brz-vfw-lg-400 brz-lh-lg-1_6 brz-ls-lg-0 brz-fw-lg-400 brz-fss-lg-px brz-fs-lg-16 brz-ft-upload brz-ff-vlrydgomvryeylapbxihpexweubhquwlamdc brz-tp-lg-empty brz-text-lg-left brz-text-xs-center brz-css-pemD7\" data-uniq-id=\"t5119\" data-generated-css=\"brz-css-buloY\"><\/p>\n<p class=\"brz-fsft-lg-0 brz-fwdth-lg-100 brz-vfw-lg-400 brz-lh-lg-1_6 brz-ls-lg-0 brz-fw-lg-400 brz-fss-lg-px brz-fs-lg-16 brz-ft-upload brz-ff-vlrydgomvryeylapbxihpexweubhquwlamdc brz-tp-lg-empty brz-bcp-color7 brz-text-lg-left brz-text-xs-center brz-css-muauF\" data-uniq-id=\"tPED0\" data-generated-css=\"brz-css-evVsF\"><span class=\"brz-cp-color7\">Bitte geben Sie bei Ihrer Anmeldung an, ob Sie an der Exkursion teilnehmen m\u00f6chten. Die Pl\u00e4tze sind begrenzt. <\/span><\/p>\n<p class=\"brz-fsft-lg-0 brz-fwdth-lg-100 brz-vfw-lg-400 brz-lh-lg-1_6 brz-ls-lg-0 brz-fw-lg-400 brz-fss-lg-px brz-fs-lg-16 brz-ft-upload brz-ff-vlrydgomvryeylapbxihpexweubhquwlamdc brz-tp-lg-empty brz-bcp-color7 brz-text-lg-left brz-text-xs-center brz-css-hbIde\" data-uniq-id=\"uPR3X\" data-generated-css=\"brz-css-pQqvR\"><span class=\"brz-cp-color7\"> <\/span><\/p>\n<p class=\"brz-fsft-lg-0 brz-fwdth-lg-100 brz-vfw-lg-400 brz-lh-lg-1_6 brz-ls-lg-0 brz-fw-lg-400 brz-fss-lg-px brz-fs-lg-16 brz-ft-upload brz-ff-vlrydgomvryeylapbxihpexweubhquwlamdc brz-tp-lg-empty brz-bcp-color7 brz-text-lg-left brz-text-xs-center brz-css-ljPl8\" data-uniq-id=\"kZ_zO\" data-generated-css=\"brz-css-mFfV2\"><span class=\"brz-cp-color7\">Konferenz-Teilnahme: Die Konferenz ist wie gewohnt kostenlos. Eine verbindliche Anmeldung ist erforderlich. <\/span><\/p>\n<p class=\"brz-tp-lg-empty brz-bcp-color7 brz-text-lg-left brz-fsft-lg-0 brz-fwdth-lg-100 brz-vfw-lg-400 brz-lh-lg-1_6 brz-ls-lg-0 brz-fw-lg-400 brz-fss-lg-px brz-fs-lg-16 brz-ft-upload brz-ff-vlrydgomvryeylapbxihpexweubhquwlamdc brz-text-xs-center brz-css-xpbcY\" data-uniq-id=\"wTRFs\" data-generated-css=\"brz-css-i9Rlk\"><span class=\"brz-cp-color7\"> <\/span><\/p>\n<p class=\"brz-fsft-lg-0 brz-fwdth-lg-100 brz-vfw-lg-400 brz-lh-lg-1_6 brz-ls-lg-0 brz-fw-lg-400 brz-fss-lg-px brz-fs-lg-16 brz-ft-upload brz-ff-vlrydgomvryeylapbxihpexweubhquwlamdc brz-tp-lg-empty brz-bcp-color7 brz-text-lg-left brz-text-xs-center brz-css-f_knt\" data-uniq-id=\"px7Ic\" data-generated-css=\"brz-css-mGUh0\"><a class=\"brz-underline-true brz-cp-color3 link--upload\" href=\"https:\/\/regulus-waldholz.de\/wp-content\/uploads\/2026\/03\/Konferenzprogramm_V090326.pdf\" data-brz-link-type=\"upload\"><u>Klicke hier<\/u><\/a><span class=\"brz-cp-color7\"> f\u00fcr das Konferenzprogramm. <\/span><\/p>\n<p class=\"brz-bcp-color7 brz-text-lg-left brz-tp-lg-paragraph brz-fsft-lg-0 brz-fwdth-lg-100 brz-vfw-lg-400 brz-lh-lg-1_6 brz-ls-lg-0 brz-fw-lg-400 brz-fss-lg-px brz-fs-lg-16 brz-ft-upload brz-ff-vlrydgomvryeylapbxihpexweubhquwlamdc brz-text-xs-center brz-css-uAq1T\" data-uniq-id=\"aU6UH\" data-generated-css=\"brz-css-vsp4W\"><span class=\"brz-cp-color7\"> <\/span><\/p>\n<\/div>\n<\/div>\n<\/div>\n<\/div>\n<\/div>\n<div class=\"brz-columns brz-css-d-column-column brz-css-zvs4lg\" data-brz-custom-id=\"y8WjYG3WUT5y\">\n<div class=\"brz-bg\"><\/div>\n<div class=\"brz-column__items brz-css-d-column-bg brz-css-wzu6r\">\n<div id=\"\" class=\"brz-css-d-wrapper brz-css-5vu3d7 brz-wrapper\">\n<div class=\"brz-rich-text brz-rich-text__custom brz-css-d-richtext brz-css-jpxru8\" data-brz-custom-id=\"ctPHAqWYiOys\">\n<div data-brz-translate-text=\"1\">\n<h3 class=\"brz-bcp-color7 brz-text-xs-center brz-ff-vlrydgomvryeylapbxihpexweubhquwlamdc brz-ft-upload brz-fs-lg-16 brz-fss-lg-px brz-fw-lg-400 brz-ls-lg-0 brz-lh-lg-1_6 brz-vfw-lg-400 brz-fwdth-lg-100 brz-fsft-lg-0 brz-tp-lg-heading3 brz-css-j8ZHq\" data-generated-css=\"brz-css-kG4Xe\" data-uniq-id=\"oI306\"><span class=\"brz-cp-color7\">Wichtige Infos zur Reiseplanung<\/span><\/h3>\n<h3 class=\"brz-bcp-color7 brz-text-xs-center brz-ff-vlrydgomvryeylapbxihpexweubhquwlamdc brz-ft-upload brz-fs-lg-16 brz-fss-lg-px brz-fw-lg-400 brz-ls-lg-0 brz-lh-lg-1_6 brz-vfw-lg-400 brz-fwdth-lg-100 brz-fsft-lg-0 brz-tp-lg-heading3 brz-css-mksTP\" data-generated-css=\"brz-css-wjUUJ\" data-uniq-id=\"l8Qxv\"><span class=\"brz-cp-color7\"> <\/span><\/h3>\n<p class=\"brz-bcp-color7 brz-text-xs-center brz-ff-vlrydgomvryeylapbxihpexweubhquwlamdc brz-ft-upload brz-fs-lg-16 brz-fss-lg-px brz-fw-lg-400 brz-ls-lg-0 brz-lh-lg-1_6 brz-vfw-lg-400 brz-fwdth-lg-100 brz-fsft-lg-0 brz-css-q5SuV\" data-generated-css=\"brz-css-g5wRM\" data-uniq-id=\"m9vP0\"><strong class=\"brz-cp-color7\">Veranstaltungsort:<\/strong><span class=\"brz-cp-color7\"> <\/span><\/p>\n<p class=\"brz-bcp-color7 brz-text-xs-center brz-ff-vlrydgomvryeylapbxihpexweubhquwlamdc brz-ft-upload brz-fs-lg-16 brz-fss-lg-px brz-fw-lg-400 brz-ls-lg-0 brz-lh-lg-1_6 brz-vfw-lg-400 brz-fwdth-lg-100 brz-fsft-lg-0 brz-css-lI0am\" data-generated-css=\"brz-css-gSphB\" data-uniq-id=\"nAn5J\"><span class=\"brz-cp-color7\">Gasteig HP8, Hans-Prei\u00dfinger-Stra\u00dfe 8, 81379 M\u00fcnchen<\/span><\/p>\n<p class=\"brz-bcp-color7 brz-text-xs-center brz-ff-vlrydgomvryeylapbxihpexweubhquwlamdc brz-ft-upload brz-fs-lg-16 brz-fss-lg-px brz-fw-lg-400 brz-ls-lg-0 brz-lh-lg-1_6 brz-vfw-lg-400 brz-fwdth-lg-100 brz-fsft-lg-0 brz-css-yM97c\" data-generated-css=\"brz-css-yLFYX\" data-uniq-id=\"jJQJz\"><span class=\"brz-cp-color7 brz-span\"> <\/span><\/p>\n<p class=\"brz-bcp-color7 brz-text-xs-center brz-ff-vlrydgomvryeylapbxihpexweubhquwlamdc brz-ft-upload brz-fs-lg-16 brz-fss-lg-px brz-fw-lg-400 brz-ls-lg-0 brz-lh-lg-1_6 brz-vfw-lg-400 brz-fwdth-lg-100 brz-fsft-lg-0 brz-tp-lg-paragraph brz-text-lg-left brz-css-mWr0M\" data-generated-css=\"brz-css-yqKBQ\" data-uniq-id=\"qLkdV\"><strong class=\"brz-cp-color7\">Konferenzzeiten: <\/strong><\/p>\n<p class=\"brz-bcp-color7 brz-text-xs-center brz-text-lg-left brz-tp-lg-empty brz-ff-vlrydgomvryeylapbxihpexweubhquwlamdc brz-ft-upload brz-fs-lg-16 brz-fss-lg-px brz-fw-lg-400 brz-ls-lg-0 brz-lh-lg-1_6 brz-vfw-lg-400 brz-fwdth-lg-100 brz-fsft-lg-0 brz-css-jPErK\" data-generated-css=\"brz-css-fMniG\" data-uniq-id=\"mWnej\"><span class=\"brz-cp-color7\">(<\/span><strong class=\"brz-bold-true brz-cp-color7\">Optionale Exkursion:<\/strong><span class=\"brz-cp-color7\"> 16. M\u00e4rz, 9:30 &#8211; 17:30 Uhr) <\/span><\/p>\n<p class=\"brz-bcp-color7 brz-text-xs-center brz-ff-vlrydgomvryeylapbxihpexweubhquwlamdc brz-ft-upload brz-fs-lg-16 brz-fss-lg-px brz-fw-lg-400 brz-ls-lg-0 brz-lh-lg-1_6 brz-vfw-lg-400 brz-fwdth-lg-100 brz-fsft-lg-0 brz-tp-lg-paragraph brz-text-lg-left brz-css-et92F\" data-generated-css=\"brz-css-tnCJz\" data-uniq-id=\"ls27d\"><strong class=\"brz-cp-color7\">Tag 1:<\/strong><span class=\"brz-cp-color7\"> 17. M\u00e4rz, 11:30\u201318:00 Uhr, anschlie\u00dfend gemeinsames Abendessen <\/span><\/p>\n<p class=\"brz-bcp-color7 brz-text-xs-center brz-ff-vlrydgomvryeylapbxihpexweubhquwlamdc brz-ft-upload brz-fs-lg-16 brz-fss-lg-px brz-fw-lg-400 brz-ls-lg-0 brz-lh-lg-1_6 brz-vfw-lg-400 brz-fwdth-lg-100 brz-fsft-lg-0 brz-tp-lg-paragraph brz-text-lg-left brz-css-jHM3a\" data-generated-css=\"brz-css-nWpFj\" data-uniq-id=\"zbHf0\"><strong class=\"brz-cp-color7\">Tag 2:<\/strong><span class=\"brz-cp-color7\"> 18. M\u00e4rz, 8:30\u201312:30 Uhr, Abschluss mit Mittagssnack<\/span><\/p>\n<p class=\"brz-fsft-lg-0 brz-fwdth-lg-100 brz-vfw-lg-400 brz-lh-lg-1_6 brz-ls-lg-0 brz-fw-lg-400 brz-fss-lg-px brz-fs-lg-16 brz-ft-upload brz-ff-vlrydgomvryeylapbxihpexweubhquwlamdc brz-tp-lg-empty brz-text-lg-left brz-bcp-color7 brz-text-xs-center brz-css-eaWVW\" data-generated-css=\"brz-css-hnGmI\" data-uniq-id=\"qJmVM\"><\/p>\n<p class=\"brz-bcp-color7 brz-text-xs-center brz-ff-vlrydgomvryeylapbxihpexweubhquwlamdc brz-ft-upload brz-fs-lg-16 brz-fss-lg-px brz-fw-lg-400 brz-ls-lg-0 brz-lh-lg-1_6 brz-vfw-lg-400 brz-fwdth-lg-100 brz-fsft-lg-0 brz-css-tPUCa\" data-generated-css=\"brz-css-clRv1\" data-uniq-id=\"dlHO8\"><span class=\"brz-cp-color7\"> <\/span><\/p>\n<p class=\"brz-bcp-color7 brz-text-xs-center brz-ff-vlrydgomvryeylapbxihpexweubhquwlamdc brz-ft-upload brz-fs-lg-16 brz-fss-lg-px brz-fw-lg-400 brz-ls-lg-0 brz-lh-lg-1_6 brz-vfw-lg-400 brz-fwdth-lg-100 brz-fsft-lg-0 brz-css-iB4ox\" data-generated-css=\"brz-css-qPOat\" data-uniq-id=\"jJrEd\"><strong class=\"brz-cp-color7\">Anreise:<\/strong><\/p>\n<p class=\"brz-bcp-color7 brz-text-xs-center brz-ff-vlrydgomvryeylapbxihpexweubhquwlamdc brz-ft-upload brz-fs-lg-16 brz-fss-lg-px brz-fw-lg-400 brz-ls-lg-0 brz-lh-lg-1_6 brz-vfw-lg-400 brz-fwdth-lg-100 brz-fsft-lg-0 brz-tp-lg-empty brz-css-eCe7E\" data-generated-css=\"brz-css-t6wxr\" data-uniq-id=\"aSYp7\"><span class=\"brz-cp-color7\">F\u00fcr alle die am 16. M\u00e4rz 2026 anreisen, besteht die M\u00f6glichkeit um 19:00 Uhr zum einem gemeinsamen Abendessen auf Selbstzahlerbasis. Das Lokal wird noch bekannt gegeben.<\/span><\/p>\n<p class=\"brz-bcp-color7 brz-text-xs-center brz-ff-vlrydgomvryeylapbxihpexweubhquwlamdc brz-ft-upload brz-fs-lg-16 brz-fss-lg-px brz-fw-lg-400 brz-ls-lg-0 brz-lh-lg-1_6 brz-vfw-lg-400 brz-fwdth-lg-100 brz-fsft-lg-0 brz-tp-lg-empty brz-css-dmU4k\" data-generated-css=\"brz-css-hN7cg\" data-uniq-id=\"m50jK\"><strong class=\"brz-cp-color7\"> <\/strong><\/p>\n<p class=\"brz-bcp-color7 brz-text-xs-center brz-ff-vlrydgomvryeylapbxihpexweubhquwlamdc brz-ft-upload brz-fs-lg-16 brz-fss-lg-px brz-fw-lg-400 brz-ls-lg-0 brz-lh-lg-1_6 brz-vfw-lg-400 brz-fwdth-lg-100 brz-fsft-lg-0 brz-tp-lg-empty brz-css-jrkV1\" data-generated-css=\"brz-css-x85Ts\" data-uniq-id=\"wvbZf\"><strong class=\"brz-cp-color7\">\u00d6ffentliche Verkehrsmittel:<\/strong><span class=\"brz-cp-color7\"> U3 bis \u201eBruderm\u00fchlstra\u00dfe\u201c (5 Min. Fu\u00dfweg), Bus 54\/X30\/X204 bis \u201eSch\u00e4ftlarnstra\u00dfe\/Gasteig HP8\u201c<\/span><\/p>\n<p class=\"brz-bcp-color7 brz-text-xs-center brz-ff-vlrydgomvryeylapbxihpexweubhquwlamdc brz-ft-upload brz-fs-lg-16 brz-fss-lg-px brz-fw-lg-400 brz-ls-lg-0 brz-lh-lg-1_6 brz-vfw-lg-400 brz-fwdth-lg-100 brz-fsft-lg-0 brz-tp-lg-empty brz-css-ok4Gj\" data-generated-css=\"brz-css-ynqzz\" data-uniq-id=\"b4FjN\"><strong class=\"brz-cp-color7\"> <\/strong><\/p>\n<p class=\"brz-bcp-color7 brz-text-xs-center brz-ff-vlrydgomvryeylapbxihpexweubhquwlamdc brz-ft-upload brz-fs-lg-16 brz-fss-lg-px brz-fw-lg-400 brz-ls-lg-0 brz-lh-lg-1_6 brz-vfw-lg-400 brz-fwdth-lg-100 brz-fsft-lg-0 brz-tp-lg-empty brz-css-cw56b\" data-generated-css=\"brz-css-f8LWf\" data-uniq-id=\"d0KFu\"><strong class=\"brz-cp-color7\">Auto:<\/strong><span class=\"brz-cp-color7\"> Parkhaus Blumengro\u00dfmarkt mit Bus-Shuttle (Bus 97)<\/span><\/p>\n<ul>\n<li class=\"brz-bcp-color7 brz-text-xs-center brz-ff-vlrydgomvryeylapbxihpexweubhquwlamdc brz-ft-upload brz-fs-lg-16 brz-fss-lg-px brz-fw-lg-400 brz-ls-lg-0 brz-lh-lg-1_6 brz-vfw-lg-400 brz-fwdth-lg-100 brz-fsft-lg-0 brz-css-rKNtH\" data-generated-css=\"brz-css-wRkTL\" data-uniq-id=\"k5fEK\"><\/li>\n<\/ul>\n<p class=\"brz-bcp-color7 brz-text-xs-center brz-ff-vlrydgomvryeylapbxihpexweubhquwlamdc brz-ft-upload brz-fs-lg-16 brz-fss-lg-px brz-fw-lg-400 brz-ls-lg-0 brz-lh-lg-1_6 brz-vfw-lg-400 brz-fwdth-lg-100 brz-fsft-lg-0 brz-tp-lg-paragraph brz-text-lg-left brz-css-n6RLT\" data-generated-css=\"brz-css-in0Fu\" data-uniq-id=\"scDiN\"><strong class=\"brz-cp-color7\">Barrierefreiheit:<\/strong><span class=\"brz-cp-color7\"> Der Veranstaltungsort ist vollst\u00e4ndig rollstuhlgerecht. Barrierefreie Parkpl\u00e4tze sind vor Ort.<\/span><\/p>\n<p class=\"brz-text-lg-left brz-tp-lg-paragraph brz-bcp-color7 brz-text-xs-center brz-ff-vlrydgomvryeylapbxihpexweubhquwlamdc brz-ft-upload brz-fs-lg-16 brz-fss-lg-px brz-fw-lg-400 brz-ls-lg-0 brz-lh-lg-1_6 brz-vfw-lg-400 brz-fwdth-lg-100 brz-fsft-lg-0 brz-css-xwFnp\" data-generated-css=\"brz-css-bv8s6\" data-uniq-id=\"wYJcl\"><span class=\"brz-cp-color7\"> <\/span><\/p>\n<p class=\"brz-text-lg-left brz-bcp-color7 brz-text-xs-center brz-ff-vlrydgomvryeylapbxihpexweubhquwlamdc brz-ft-upload brz-fs-lg-16 brz-fss-lg-px brz-fw-lg-400 brz-ls-lg-0 brz-lh-lg-1_6 brz-vfw-lg-400 brz-fwdth-lg-100 brz-fsft-lg-0 brz-tp-lg-empty brz-css-eIamE\" data-generated-css=\"brz-css-ttUWj\" data-uniq-id=\"d0L8x\"><strong class=\"brz-cp-color7 brz-bold-true\">Anmeldefrist ist der 30. Januar 2026. <\/strong><\/p>\n<p class=\"brz-text-lg-left brz-bcp-color7 brz-text-xs-center brz-ff-vlrydgomvryeylapbxihpexweubhquwlamdc brz-ft-upload brz-fs-lg-16 brz-fss-lg-px brz-fw-lg-400 brz-ls-lg-0 brz-lh-lg-1_6 brz-vfw-lg-400 brz-fwdth-lg-100 brz-fsft-lg-0 brz-tp-lg-empty brz-css-dBYwl\" data-generated-css=\"brz-css-qgGxm\" data-uniq-id=\"to2Qh\"><strong class=\"brz-cp-color7 brz-bold-true\"> <\/strong><\/p>\n<p class=\"brz-text-lg-left brz-bcp-color7 brz-text-xs-center brz-ff-vlrydgomvryeylapbxihpexweubhquwlamdc brz-ft-upload brz-fs-lg-16 brz-fss-lg-px brz-fw-lg-400 brz-ls-lg-0 brz-lh-lg-1_6 brz-vfw-lg-400 brz-fwdth-lg-100 brz-fsft-lg-0 brz-tp-lg-paragraph brz-css-vx0IR\" data-generated-css=\"brz-css-hnMHf\" data-uniq-id=\"gYIeX\"><span class=\"brz-cp-color7\">Wenden Sie sich bei Fragen gerne an: info@regulus-waldholz.de<\/span><\/p>\n<p class=\"brz-text-lg-left brz-tp-lg-paragraph brz-bcp-color7 brz-text-xs-center brz-ff-vlrydgomvryeylapbxihpexweubhquwlamdc brz-ft-upload brz-fs-lg-16 brz-fss-lg-px brz-fw-lg-400 brz-ls-lg-0 brz-lh-lg-1_6 brz-vfw-lg-400 brz-fwdth-lg-100 brz-fsft-lg-0 brz-css-mq7v8\" data-generated-css=\"brz-css-bIMZe\" data-uniq-id=\"snrJv\"><strong class=\"brz-cp-color7\"> <\/strong><\/p>\n<p class=\"brz-text-lg-left brz-bcp-color7 brz-text-xs-center brz-ff-vlrydgomvryeylapbxihpexweubhquwlamdc brz-ft-upload brz-fs-lg-16 brz-fss-lg-px brz-fw-lg-400 brz-ls-lg-0 brz-lh-lg-1_6 brz-vfw-lg-400 brz-fwdth-lg-100 brz-fsft-lg-0 brz-tp-lg-paragraph brz-css-evaE2\" data-generated-css=\"brz-css-aheRL\" data-uniq-id=\"gfFTW\"><span class=\"brz-cp-color7\">Wir freuen uns auf eine inspirierende Konferenz.<\/span><\/p>\n<p class=\"brz-bcp-color7 brz-text-xs-center brz-tp-lg-empty brz-ff-vlrydgomvryeylapbxihpexweubhquwlamdc brz-ft-upload brz-fs-lg-16 brz-fss-lg-px brz-fw-lg-400 brz-ls-lg-0 brz-lh-lg-1_6 brz-vfw-lg-400 brz-fwdth-lg-100 brz-fsft-lg-0 brz-text-lg-right brz-css-r_1vl\" data-generated-css=\"brz-css-mjEDA\" data-uniq-id=\"omoAN\"><strong class=\"brz-cp-color7 brz-bold-true\">Ihr WaHo_boost-Team<\/strong><\/p>\n<\/div>\n<\/div>\n<\/div>\n<div class=\"brz-wrapper-clone brz-flex-xs-wrap brz-css-d-cloneable brz-css-1xq37uy\" data-brz-custom-id=\"iej5QvMrpU7V\"><a class=\"brz-a brz-btn brz-css-d-button brz-css-1qwr7w9 brz-css-d-button-bg brz-css-3cls9i\" target=\"_blank\" rel=\"noopener noreferrer\" href=\"https:\/\/eveeno.com\/regulus_statuskonferenz_3\" data-brz-link-type=\"external\" data-brz-custom-id=\"jMKRA1PyqjhH\"><span data-brz-translate-text=\"1\" class=\"brz-span brz-text__editor\">Jetzt anmelden<\/span><\/a><\/div>\n<\/div>\n<\/div>\n<\/div>\n<\/div>\n<div class=\"brz-row__container brz-css-d-row-row brz-css-1atfmll\" data-brz-custom-id=\"zIO9UXESfm4e\">\n<div class=\"brz-row brz-css-d-row-container brz-css-r-row-container brz-css-16tgw50\">\n<div class=\"brz-columns brz-css-d-column-column brz-css-cktebc\" data-brz-custom-id=\"gymuxIfxZvjg\">\n<div class=\"brz-bg\"><\/div>\n<div class=\"brz-column__items brz-css-d-column-bg brz-css-17q6bxo\">\n<div class=\"brz-row__container brz-css-d-row-row brz-css-15u3fyl\" data-brz-custom-id=\"zSzylPBTGgtz\">\n<div class=\"brz-row brz-row--inner brz-css-d-row-container brz-css-1nbrh2r\">\n<div class=\"brz-columns brz-css-d-column-column brz-css-mx5fz4\" data-brz-custom-id=\"c6zdnNh6kdJt\">\n<div class=\"brz-column__items brz-css-d-column-bg brz-css-13ugyj4\">\n<div id=\"\" class=\"brz-css-d-wrapper brz-css-dsqr2y brz-wrapper\">\n<div class=\"brz-rich-text brz-rich-text__custom brz-css-d-richtext brz-css-1ly7jx4\" data-brz-custom-id=\"p4pgGAxWeIg2\">\n<div data-brz-translate-text=\"1\">\n<h3 class=\"brz-bcp-color7 brz-text-xs-center brz-ff-vlrydgomvryeylapbxihpexweubhquwlamdc brz-ft-upload brz-fs-lg-16 brz-fss-lg-px brz-fw-lg-400 brz-ls-lg-0 brz-lh-lg-1_6 brz-vfw-lg-400 brz-fwdth-lg-100 brz-fsft-lg-0 brz-tp-lg-heading3 brz-text-lg-center brz-css-oEvos\" data-generated-css=\"brz-css-g2Xzg\" data-uniq-id=\"j6NfE\"><span class=\"brz-cp-color7 brz-span\">Call for Abstracts: <\/span><\/h3>\n<h3 class=\"brz-bcp-color7 brz-text-xs-center brz-ff-vlrydgomvryeylapbxihpexweubhquwlamdc brz-ft-upload brz-fs-lg-16 brz-fss-lg-px brz-fw-lg-400 brz-ls-lg-0 brz-lh-lg-1_6 brz-vfw-lg-400 brz-fwdth-lg-100 brz-fsft-lg-0 brz-tp-lg-heading3 brz-text-lg-center brz-css-w_S8A\" data-generated-css=\"brz-css-loWSZ\" data-uniq-id=\"cUmHL\"><span class=\"brz-cp-color7\">Forschungsergebnisse pr\u00e4sentieren<\/span><\/h3>\n<h3 class=\"brz-bcp-color7 brz-text-xs-center brz-ff-vlrydgomvryeylapbxihpexweubhquwlamdc brz-ft-upload brz-fs-lg-16 brz-fss-lg-px brz-fw-lg-400 brz-ls-lg-0 brz-lh-lg-1_6 brz-vfw-lg-400 brz-fwdth-lg-100 brz-fsft-lg-0 brz-tp-lg-heading3 brz-css-aLArB\" data-generated-css=\"brz-css-tLCpd\" data-uniq-id=\"dI1cc\"><span class=\"brz-cp-color7\"> <\/span><\/h3>\n<p class=\"brz-bcp-color7 brz-text-xs-center brz-ff-vlrydgomvryeylapbxihpexweubhquwlamdc brz-ft-upload brz-fs-lg-16 brz-fss-lg-px brz-fw-lg-400 brz-ls-lg-0 brz-lh-lg-1_6 brz-vfw-lg-400 brz-fwdth-lg-100 brz-fsft-lg-0 brz-tp-lg-paragraph brz-css-cAhPI\" data-generated-css=\"brz-css-icML3\" data-uniq-id=\"xhmqw\"><span class=\"brz-bgp-color8 brz-cp-color7\">Alle zehn REGULUS-Innovationsgruppen sind eingeladen ihre Forschungsergebnisse im Rahmen der Konferenz vorzustellen. Der Fokus der Beitr\u00e4ge wird auf Praxis-, Politik- und Forschungsrelevanz sowie Fragen nach dem Transfer und Nutzen von Forschungsergebnissen liegen.<\/span><\/p>\n<p class=\"brz-bcp-color7 brz-text-xs-center brz-ff-vlrydgomvryeylapbxihpexweubhquwlamdc brz-ft-upload brz-fs-lg-16 brz-fss-lg-px brz-fw-lg-400 brz-ls-lg-0 brz-lh-lg-1_6 brz-vfw-lg-400 brz-fwdth-lg-100 brz-fsft-lg-0 brz-tp-lg-paragraph brz-css-yJ2BR\" data-generated-css=\"brz-css-dz1XF\" data-uniq-id=\"fXsIm\"><strong class=\"brz-cp-color7\"> <\/strong><\/p>\n<p class=\"brz-bcp-color7 brz-text-xs-center brz-ff-vlrydgomvryeylapbxihpexweubhquwlamdc brz-ft-upload brz-fs-lg-16 brz-fss-lg-px brz-fw-lg-400 brz-ls-lg-0 brz-lh-lg-1_6 brz-vfw-lg-400 brz-fwdth-lg-100 brz-fsft-lg-0 brz-tp-lg-paragraph brz-css-jn181\" data-generated-css=\"brz-css-c7fj2\" data-uniq-id=\"dx7ao\"><strong class=\"brz-cp-color7\">Einreichungen<\/strong><span class=\"brz-cp-color7\"> sind m\u00f6glich als:<\/span><\/p>\n<ul>\n<li class=\"brz-text-xs-center brz-ff-vlrydgomvryeylapbxihpexweubhquwlamdc brz-ft-upload brz-fs-lg-16 brz-fss-lg-px brz-fw-lg-400 brz-ls-lg-0 brz-lh-lg-1_6 brz-vfw-lg-400 brz-fwdth-lg-100 brz-fsft-lg-0 brz-tp-lg-paragraph brz-bcp-color7 brz-css-qYp8L\" data-generated-css=\"brz-css-e0639\" data-uniq-id=\"djqNZ\"><span class=\"brz-cp-color7\">Vortr\u00e4ge<\/span><\/li>\n<li class=\"brz-text-xs-center brz-ff-vlrydgomvryeylapbxihpexweubhquwlamdc brz-ft-upload brz-fs-lg-16 brz-fss-lg-px brz-fw-lg-400 brz-ls-lg-0 brz-lh-lg-1_6 brz-vfw-lg-400 brz-fwdth-lg-100 brz-fsft-lg-0 brz-tp-lg-paragraph brz-bcp-color7 brz-css-xsDN_\" data-generated-css=\"brz-css-zBCfV\" data-uniq-id=\"d_mMG\"><span class=\"brz-cp-color7\">Posterpr\u00e4sentationen (mit kurzen Pitches im Plenum)<\/span><\/li>\n<li class=\"brz-bcp-color7 brz-text-xs-center brz-ff-vlrydgomvryeylapbxihpexweubhquwlamdc brz-ft-upload brz-fs-lg-16 brz-fss-lg-px brz-fw-lg-400 brz-ls-lg-0 brz-lh-lg-1_6 brz-vfw-lg-400 brz-fwdth-lg-100 brz-fsft-lg-0 brz-tp-lg-paragraph brz-css-jSLib\" data-generated-css=\"brz-css-q1Bro\" data-uniq-id=\"qdkKM\"><\/li>\n<\/ul>\n<p class=\"brz-bcp-color7 brz-text-xs-center brz-tp-lg-empty brz-ff-vlrydgomvryeylapbxihpexweubhquwlamdc brz-ft-upload brz-fs-lg-16 brz-fss-lg-px brz-fw-lg-400 brz-ls-lg-0 brz-lh-lg-1_6 brz-vfw-lg-400 brz-fwdth-lg-100 brz-fsft-lg-0 brz-css-i5IHy\" data-generated-css=\"brz-css-bnhzX\" data-uniq-id=\"ocSO3\"><span class=\"brz-cp-color7\">Besonders willkommen sind Beitr\u00e4ge, die Praxisrelevanz und Interdisziplinarit\u00e4t betonen. Die <\/span><strong class=\"brz-cp-color7 brz-bold-true\">Deadline f\u00fcr Einreichungen ist der 15. Januar 2026<\/strong><span class=\"brz-cp-color7\">. <\/span><\/p>\n<p class=\"brz-ff-vlrydgomvryeylapbxihpexweubhquwlamdc brz-ft-upload brz-fs-lg-16 brz-fss-lg-px brz-fw-lg-400 brz-ls-lg-0 brz-lh-lg-1_6 brz-vfw-lg-400 brz-fwdth-lg-100 brz-bcp-color7 brz-fsft-lg-0 brz-text-xs-center brz-tp-lg-empty brz-css-ucYOR\" data-generated-css=\"brz-css-s7VaE\" data-uniq-id=\"oc21M\"><span class=\"brz-cp-color7\"> <\/span><\/p>\n<p class=\"brz-bcp-color7 brz-text-xs-center brz-ff-vlrydgomvryeylapbxihpexweubhquwlamdc brz-ft-upload brz-fs-lg-16 brz-fss-lg-px brz-fw-lg-400 brz-ls-lg-0 brz-lh-lg-1_6 brz-vfw-lg-400 brz-fwdth-lg-100 brz-fsft-lg-0 brz-tp-lg-empty brz-text-lg-center brz-css-m8LZo\" data-generated-css=\"brz-css-mDJAw\" data-uniq-id=\"v7JNT\"><a class=\"link--upload brz-bold-true brz-cp-color3\" href=\"https:\/\/regulus-waldholz.de\/wp-content\/uploads\/2025\/10\/REGULUS_Statuskonferenz_2026_Call_for_Abstracts.pdf\" data-brz-link-type=\"upload\"><strong>Detaillierte Rahmenbedingungen und Anforderungen<\/strong><\/a><span class=\"brz-cp-color7\"> an die Einreichungen von Beitr\u00e4gen sind hier zu finden. <\/span><\/p>\n<p class=\"brz-tp-lg-paragraph brz-css-ppXBQ\" data-generated-css=\"brz-css-ulc3l\" data-uniq-id=\"uN3Gl\"><\/p>\n<\/div>\n<\/div>\n<\/div>\n<div class=\"brz-wrapper-clone brz-flex-xs-wrap brz-css-d-cloneable brz-css-1rw771k\" data-brz-custom-id=\"pE7qaS1YxSxd\"><a class=\"brz-a brz-btn brz-css-d-button brz-css-3lir9p brz-css-d-button-bg brz-css-gzow8\" target=\"_blank\" rel=\"noopener noreferrer\" href=\"mailto:info@regulus-waldholz.de\" data-brz-link-type=\"external\" data-brz-custom-id=\"v81EGh9WkBT0\"><span data-brz-translate-text=\"1\" class=\"brz-span brz-text__editor\">Abstract einreichen<\/span><\/a><\/div>\n<\/div>\n<\/div>\n<\/div>\n<\/div>\n<\/div>\n<\/div>\n<\/div>\n<\/div>\n<\/div>\n<\/div>\n<\/section><\/div>\n<p><!-- version:1773052611 --><\/p>","protected":false},"excerpt":{"rendered":"<p>Die dritte, gro\u00dfe REGULUS-Statuskonferenz findet vom 17. M\u00e4rz &#8211; 18. M\u00e4rz 2026 in M\u00fcnchen statt. Diese Konferenz markiert den Start der Umsetzungsphase f\u00fcr die H\u00e4lfte der REGULUS-Projekte und setzt einen besonderen Fokus auf Transdisziplinarit\u00e4t und Praxistransfer. Die gemeinsame Veranstaltung aller zehn Innovationsgruppen bietet Raum f\u00fcr intensiven Austausch, Vernetzung und die Pr\u00e4sentation Ihrer Forschungsergebnisse.<\/p>","protected":false},"author":6,"featured_media":24743,"comment_status":"open","ping_status":"open","sticky":false,"template":"brizy-blank-template.php","format":"standard","meta":{"footnotes":""},"categories":[1],"tags":[33,19,34,23],"class_list":["post-28648","post","type-post","status-publish","format-standard","has-post-thumbnail","hentry","category-uncategorized","tag-33","tag-anmeldung","tag-dritte-statuskonferenz","tag-regulus-statuskonferenz","entry","has-media"],"yoast_head":"<!-- This site is optimized with the Yoast SEO plugin v27.5 - https:\/\/yoast.com\/product\/yoast-seo-wordpress\/ -->\n<title>Anmeldung zur 3. REGULUS-Statuskonferenz! | REGULUS<\/title>\n<meta name=\"description\" content=\"Anmeldeseite zur REGULUS-Statuskonferenz 2026 in M\u00fcnchen\" \/>\n<meta name=\"robots\" content=\"index, follow, max-snippet:-1, max-image-preview:large, max-video-preview:-1\" \/>\n<link rel=\"canonical\" href=\"https:\/\/regulus-waldholz.de\/en\/statuskonferenz_3\/\" \/>\n<meta property=\"og:locale\" content=\"en_GB\" \/>\n<meta property=\"og:type\" content=\"article\" \/>\n<meta property=\"og:title\" content=\"Anmeldung zur 3. REGULUS-Statuskonferenz! | REGULUS\" \/>\n<meta property=\"og:description\" content=\"Anmeldeseite zur REGULUS-Statuskonferenz 2026 in M\u00fcnchen\" \/>\n<meta property=\"og:url\" content=\"https:\/\/regulus-waldholz.de\/en\/statuskonferenz_3\/\" \/>\n<meta property=\"og:site_name\" content=\"REGULUS\" \/>\n<meta property=\"article:published_time\" content=\"2025-10-14T11:37:53+00:00\" \/>\n<meta property=\"article:modified_time\" content=\"2026-04-06T22:13:37+00:00\" \/>\n<meta property=\"og:image\" content=\"https:\/\/regulus-waldholz.de\/wp-content\/uploads\/2024\/06\/Keypicture_Haende_Team-scaled-e1717584918495.jpeg\" \/>\n\t<meta property=\"og:image:width\" content=\"1200\" \/>\n\t<meta property=\"og:image:height\" content=\"630\" \/>\n\t<meta property=\"og:image:type\" content=\"image\/jpeg\" \/>\n<meta name=\"author\" content=\"Christiane Trost\" \/>\n<meta name=\"twitter:card\" content=\"summary_large_image\" \/>\n<meta name=\"twitter:label1\" content=\"Written by\" \/>\n\t<meta name=\"twitter:data1\" content=\"Christiane Trost\" \/>\n\t<meta name=\"twitter:label2\" content=\"Estimated reading time\" \/>\n\t<meta name=\"twitter:data2\" content=\"3 minutes\" \/>\n<script type=\"application\/ld+json\" class=\"yoast-schema-graph\">{\"@context\":\"https:\\\/\\\/schema.org\",\"@graph\":[{\"@type\":\"Article\",\"@id\":\"https:\\\/\\\/regulus-waldholz.de\\\/statuskonferenz_3\\\/#article\",\"isPartOf\":{\"@id\":\"https:\\\/\\\/regulus-waldholz.de\\\/statuskonferenz_3\\\/\"},\"author\":{\"name\":\"Christiane Trost\",\"@id\":\"https:\\\/\\\/regulus-waldholz.de\\\/#\\\/schema\\\/person\\\/4202402c9293a88a6117f85d3b7b3d6d\"},\"headline\":\"Anmeldung zur 3. REGULUS-Statuskonferenz!\",\"datePublished\":\"2025-10-14T11:37:53+00:00\",\"dateModified\":\"2026-04-06T22:13:37+00:00\",\"mainEntityOfPage\":{\"@id\":\"https:\\\/\\\/regulus-waldholz.de\\\/statuskonferenz_3\\\/\"},\"wordCount\":504,\"commentCount\":0,\"publisher\":{\"@id\":\"https:\\\/\\\/regulus-waldholz.de\\\/#organization\"},\"image\":{\"@id\":\"https:\\\/\\\/regulus-waldholz.de\\\/statuskonferenz_3\\\/#primaryimage\"},\"thumbnailUrl\":\"https:\\\/\\\/regulus-waldholz.de\\\/wp-content\\\/uploads\\\/2024\\\/06\\\/Keypicture_Haende_Team-scaled-e1717584918495.jpeg\",\"keywords\":[\"2026\",\"Anmeldung\",\"dritte statuskonferenz\",\"REGULUS-Statuskonferenz\"],\"articleSection\":[\"Uncategorized\"],\"inLanguage\":\"en-GB\",\"potentialAction\":[{\"@type\":\"CommentAction\",\"name\":\"Comment\",\"target\":[\"https:\\\/\\\/regulus-waldholz.de\\\/statuskonferenz_3\\\/#respond\"]}]},{\"@type\":\"WebPage\",\"@id\":\"https:\\\/\\\/regulus-waldholz.de\\\/statuskonferenz_3\\\/\",\"url\":\"https:\\\/\\\/regulus-waldholz.de\\\/statuskonferenz_3\\\/\",\"name\":\"Anmeldung zur 3. REGULUS-Statuskonferenz! | REGULUS\",\"isPartOf\":{\"@id\":\"https:\\\/\\\/regulus-waldholz.de\\\/#website\"},\"primaryImageOfPage\":{\"@id\":\"https:\\\/\\\/regulus-waldholz.de\\\/statuskonferenz_3\\\/#primaryimage\"},\"image\":{\"@id\":\"https:\\\/\\\/regulus-waldholz.de\\\/statuskonferenz_3\\\/#primaryimage\"},\"thumbnailUrl\":\"https:\\\/\\\/regulus-waldholz.de\\\/wp-content\\\/uploads\\\/2024\\\/06\\\/Keypicture_Haende_Team-scaled-e1717584918495.jpeg\",\"datePublished\":\"2025-10-14T11:37:53+00:00\",\"dateModified\":\"2026-04-06T22:13:37+00:00\",\"description\":\"Anmeldeseite zur REGULUS-Statuskonferenz 2026 in M\u00fcnchen\",\"breadcrumb\":{\"@id\":\"https:\\\/\\\/regulus-waldholz.de\\\/statuskonferenz_3\\\/#breadcrumb\"},\"inLanguage\":\"en-GB\",\"potentialAction\":[{\"@type\":\"ReadAction\",\"target\":[\"https:\\\/\\\/regulus-waldholz.de\\\/statuskonferenz_3\\\/\"]}]},{\"@type\":\"ImageObject\",\"inLanguage\":\"en-GB\",\"@id\":\"https:\\\/\\\/regulus-waldholz.de\\\/statuskonferenz_3\\\/#primaryimage\",\"url\":\"https:\\\/\\\/regulus-waldholz.de\\\/wp-content\\\/uploads\\\/2024\\\/06\\\/Keypicture_Haende_Team-scaled-e1717584918495.jpeg\",\"contentUrl\":\"https:\\\/\\\/regulus-waldholz.de\\\/wp-content\\\/uploads\\\/2024\\\/06\\\/Keypicture_Haende_Team-scaled-e1717584918495.jpeg\",\"width\":1200,\"height\":630,\"caption\":\"Beitrag_Team_Haende.jpeg\"},{\"@type\":\"BreadcrumbList\",\"@id\":\"https:\\\/\\\/regulus-waldholz.de\\\/statuskonferenz_3\\\/#breadcrumb\",\"itemListElement\":[{\"@type\":\"ListItem\",\"position\":1,\"name\":\"Startseite\",\"item\":\"https:\\\/\\\/regulus-waldholz.de\\\/\"},{\"@type\":\"ListItem\",\"position\":2,\"name\":\"Anmeldeseite zur REGULUS-Statuskonferenz 2024 in Freiburg\"}]},{\"@type\":\"WebSite\",\"@id\":\"https:\\\/\\\/regulus-waldholz.de\\\/#website\",\"url\":\"https:\\\/\\\/regulus-waldholz.de\\\/\",\"name\":\"REGULUS\",\"description\":\"Offizielle Seite des REGULUS-Projekts\",\"publisher\":{\"@id\":\"https:\\\/\\\/regulus-waldholz.de\\\/#organization\"},\"potentialAction\":[{\"@type\":\"SearchAction\",\"target\":{\"@type\":\"EntryPoint\",\"urlTemplate\":\"https:\\\/\\\/regulus-waldholz.de\\\/?s={search_term_string}\"},\"query-input\":{\"@type\":\"PropertyValueSpecification\",\"valueRequired\":true,\"valueName\":\"search_term_string\"}}],\"inLanguage\":\"en-GB\"},{\"@type\":\"Organization\",\"@id\":\"https:\\\/\\\/regulus-waldholz.de\\\/#organization\",\"name\":\"REGULUS\",\"url\":\"https:\\\/\\\/regulus-waldholz.de\\\/\",\"logo\":{\"@type\":\"ImageObject\",\"inLanguage\":\"en-GB\",\"@id\":\"https:\\\/\\\/regulus-waldholz.de\\\/#\\\/schema\\\/logo\\\/image\\\/\",\"url\":\"\",\"contentUrl\":\"\",\"caption\":\"REGULUS\"},\"image\":{\"@id\":\"https:\\\/\\\/regulus-waldholz.de\\\/#\\\/schema\\\/logo\\\/image\\\/\"}},{\"@type\":\"Person\",\"@id\":\"https:\\\/\\\/regulus-waldholz.de\\\/#\\\/schema\\\/person\\\/4202402c9293a88a6117f85d3b7b3d6d\",\"name\":\"Christiane Trost\",\"image\":{\"@type\":\"ImageObject\",\"inLanguage\":\"en-GB\",\"@id\":\"https:\\\/\\\/secure.gravatar.com\\\/avatar\\\/7ddbec4ce4085dfc7b05ffdf7db6cf182da7fe12451686502b27ceca96681b0b?s=96&d=mm&r=g\",\"url\":\"https:\\\/\\\/secure.gravatar.com\\\/avatar\\\/7ddbec4ce4085dfc7b05ffdf7db6cf182da7fe12451686502b27ceca96681b0b?s=96&d=mm&r=g\",\"contentUrl\":\"https:\\\/\\\/secure.gravatar.com\\\/avatar\\\/7ddbec4ce4085dfc7b05ffdf7db6cf182da7fe12451686502b27ceca96681b0b?s=96&d=mm&r=g\",\"caption\":\"Christiane Trost\"}}]}<\/script>\n<!-- \/ Yoast SEO plugin. -->","yoast_head_json":{"title":"Anmeldung zur 3. REGULUS-Statuskonferenz! | REGULUS","description":"Anmeldeseite zur REGULUS-Statuskonferenz 2026 in M\u00fcnchen","robots":{"index":"index","follow":"follow","max-snippet":"max-snippet:-1","max-image-preview":"max-image-preview:large","max-video-preview":"max-video-preview:-1"},"canonical":"https:\/\/regulus-waldholz.de\/en\/statuskonferenz_3\/","og_locale":"en_GB","og_type":"article","og_title":"Anmeldung zur 3. REGULUS-Statuskonferenz! | REGULUS","og_description":"Anmeldeseite zur REGULUS-Statuskonferenz 2026 in M\u00fcnchen","og_url":"https:\/\/regulus-waldholz.de\/en\/statuskonferenz_3\/","og_site_name":"REGULUS","article_published_time":"2025-10-14T11:37:53+00:00","article_modified_time":"2026-04-06T22:13:37+00:00","og_image":[{"width":1200,"height":630,"url":"https:\/\/regulus-waldholz.de\/wp-content\/uploads\/2024\/06\/Keypicture_Haende_Team-scaled-e1717584918495.jpeg","type":"image\/jpeg"}],"author":"Christiane Trost","twitter_card":"summary_large_image","twitter_misc":{"Written by":"Christiane Trost","Estimated reading time":"3 minutes"},"schema":{"@context":"https:\/\/schema.org","@graph":[{"@type":"Article","@id":"https:\/\/regulus-waldholz.de\/statuskonferenz_3\/#article","isPartOf":{"@id":"https:\/\/regulus-waldholz.de\/statuskonferenz_3\/"},"author":{"name":"Christiane Trost","@id":"https:\/\/regulus-waldholz.de\/#\/schema\/person\/4202402c9293a88a6117f85d3b7b3d6d"},"headline":"Anmeldung zur 3. REGULUS-Statuskonferenz!","datePublished":"2025-10-14T11:37:53+00:00","dateModified":"2026-04-06T22:13:37+00:00","mainEntityOfPage":{"@id":"https:\/\/regulus-waldholz.de\/statuskonferenz_3\/"},"wordCount":504,"commentCount":0,"publisher":{"@id":"https:\/\/regulus-waldholz.de\/#organization"},"image":{"@id":"https:\/\/regulus-waldholz.de\/statuskonferenz_3\/#primaryimage"},"thumbnailUrl":"https:\/\/regulus-waldholz.de\/wp-content\/uploads\/2024\/06\/Keypicture_Haende_Team-scaled-e1717584918495.jpeg","keywords":["2026","Anmeldung","dritte statuskonferenz","REGULUS-Statuskonferenz"],"articleSection":["Uncategorized"],"inLanguage":"en-GB","potentialAction":[{"@type":"CommentAction","name":"Comment","target":["https:\/\/regulus-waldholz.de\/statuskonferenz_3\/#respond"]}]},{"@type":"WebPage","@id":"https:\/\/regulus-waldholz.de\/statuskonferenz_3\/","url":"https:\/\/regulus-waldholz.de\/statuskonferenz_3\/","name":"Anmeldung zur 3. REGULUS-Statuskonferenz! | REGULUS","isPartOf":{"@id":"https:\/\/regulus-waldholz.de\/#website"},"primaryImageOfPage":{"@id":"https:\/\/regulus-waldholz.de\/statuskonferenz_3\/#primaryimage"},"image":{"@id":"https:\/\/regulus-waldholz.de\/statuskonferenz_3\/#primaryimage"},"thumbnailUrl":"https:\/\/regulus-waldholz.de\/wp-content\/uploads\/2024\/06\/Keypicture_Haende_Team-scaled-e1717584918495.jpeg","datePublished":"2025-10-14T11:37:53+00:00","dateModified":"2026-04-06T22:13:37+00:00","description":"Anmeldeseite zur REGULUS-Statuskonferenz 2026 in M\u00fcnchen","breadcrumb":{"@id":"https:\/\/regulus-waldholz.de\/statuskonferenz_3\/#breadcrumb"},"inLanguage":"en-GB","potentialAction":[{"@type":"ReadAction","target":["https:\/\/regulus-waldholz.de\/statuskonferenz_3\/"]}]},{"@type":"ImageObject","inLanguage":"en-GB","@id":"https:\/\/regulus-waldholz.de\/statuskonferenz_3\/#primaryimage","url":"https:\/\/regulus-waldholz.de\/wp-content\/uploads\/2024\/06\/Keypicture_Haende_Team-scaled-e1717584918495.jpeg","contentUrl":"https:\/\/regulus-waldholz.de\/wp-content\/uploads\/2024\/06\/Keypicture_Haende_Team-scaled-e1717584918495.jpeg","width":1200,"height":630,"caption":"Beitrag_Team_Haende.jpeg"},{"@type":"BreadcrumbList","@id":"https:\/\/regulus-waldholz.de\/statuskonferenz_3\/#breadcrumb","itemListElement":[{"@type":"ListItem","position":1,"name":"Startseite","item":"https:\/\/regulus-waldholz.de\/"},{"@type":"ListItem","position":2,"name":"Anmeldeseite zur REGULUS-Statuskonferenz 2024 in Freiburg"}]},{"@type":"WebSite","@id":"https:\/\/regulus-waldholz.de\/#website","url":"https:\/\/regulus-waldholz.de\/","name":"REGULUS","description":"Offizielle Seite des REGULUS-Projekts","publisher":{"@id":"https:\/\/regulus-waldholz.de\/#organization"},"potentialAction":[{"@type":"SearchAction","target":{"@type":"EntryPoint","urlTemplate":"https:\/\/regulus-waldholz.de\/?s={search_term_string}"},"query-input":{"@type":"PropertyValueSpecification","valueRequired":true,"valueName":"search_term_string"}}],"inLanguage":"en-GB"},{"@type":"Organization","@id":"https:\/\/regulus-waldholz.de\/#organization","name":"REGULUS","url":"https:\/\/regulus-waldholz.de\/","logo":{"@type":"ImageObject","inLanguage":"en-GB","@id":"https:\/\/regulus-waldholz.de\/#\/schema\/logo\/image\/","url":"","contentUrl":"","caption":"REGULUS"},"image":{"@id":"https:\/\/regulus-waldholz.de\/#\/schema\/logo\/image\/"}},{"@type":"Person","@id":"https:\/\/regulus-waldholz.de\/#\/schema\/person\/4202402c9293a88a6117f85d3b7b3d6d","name":"Christiane Trost","image":{"@type":"ImageObject","inLanguage":"en-GB","@id":"https:\/\/secure.gravatar.com\/avatar\/7ddbec4ce4085dfc7b05ffdf7db6cf182da7fe12451686502b27ceca96681b0b?s=96&d=mm&r=g","url":"https:\/\/secure.gravatar.com\/avatar\/7ddbec4ce4085dfc7b05ffdf7db6cf182da7fe12451686502b27ceca96681b0b?s=96&d=mm&r=g","contentUrl":"https:\/\/secure.gravatar.com\/avatar\/7ddbec4ce4085dfc7b05ffdf7db6cf182da7fe12451686502b27ceca96681b0b?s=96&d=mm&r=g","caption":"Christiane Trost"}}]}},"brizy_media":[{"id":5951,"url":"https:\/\/regulus-waldholz.de\/wp-content\/uploads\/2023\/11\/REG-21_Illustration_Innovationsgruppen.png","name":"REG-21_Illustration_Innovationsgruppen.png","meta":{"brizy_attachment_uid":"wp-d00588b4e28b6ab56a542b996c3da60a.png","brizy_post_uid":["8391218801fc8603de84746e4dc76b77","32ddc7bb274f82262ebac30c95a89f42","12c97f64bd25c3744aa4cf990434ec99","8ce528094c4eaffe4c21be82ee803c8a","deff2c89464ea65532093109351bf978"]}},{"id":18767,"url":"https:\/\/regulus-waldholz.de\/wp-content\/uploads\/2024\/01\/20230918_Plenumfragen_01-1.jpg","name":"20230918_Plenumfragen_01-1.jpg","meta":{"brizy_attachment_uid":"wp-fc64e576c5648f29ceb2272b53f3900b.jpg","brizy_post_uid":["fa7e3a262c140959998d38cc206491dd","8ce528094c4eaffe4c21be82ee803c8a","deff2c89464ea65532093109351bf978"]}},{"id":22280,"url":"https:\/\/regulus-waldholz.de\/wp-content\/uploads\/2024\/03\/PM_HZB_20240308.png","name":"PM_HZB_20240308.png","meta":{"brizy_attachment_uid":"wp-fc37d0dfaa5102ed279360989df1c0c1.png","brizy_post_uid":["8391218801fc8603de84746e4dc76b77","deff2c89464ea65532093109351bf978"]}},{"id":24663,"url":"https:\/\/regulus-waldholz.de\/wp-content\/uploads\/2024\/06\/20230918_Kennenlernaktivitaet_05.jpg","name":"20230918_Kennenlernaktivitaet_05.jpg","meta":{"brizy_attachment_uid":"wp-ae059f574770c576f3f636340ca07e11.jpg","brizy_post_uid":["deff2c89464ea65532093109351bf978"]}},{"id":24743,"url":"https:\/\/regulus-waldholz.de\/wp-content\/uploads\/2024\/06\/Keypicture_Haende_Team-scaled-e1717584918495.jpeg","name":"Keypicture_Haende_Team.jpeg","meta":{"brizy_attachment_uid":"wp-2f4b44bddc12fe939992f480a60f450c.jpeg","brizy_post_uid":["deff2c89464ea65532093109351bf978"]}},{"id":26485,"url":"https:\/\/regulus-waldholz.de\/wp-content\/uploads\/2024\/08\/IUFRO_Praesidentin_Daniela_Kleinschmit.jpg","name":"IUFRO_Praesidentin_Daniela_Kleinschmit.jpg","meta":{"brizy_attachment_uid":"wp-09d4ed9275474fece87977d81512d15a.jpg","brizy_post_uid":["deff2c89464ea65532093109351bf978","8391218801fc8603de84746e4dc76b77"]}},{"id":26534,"url":"https:\/\/regulus-waldholz.de\/wp-content\/uploads\/2024\/08\/REGULUS_IUFRO_Gruppenbild.jpg","name":"REGULUS_IUFRO_Gruppenbild.jpg","meta":{"brizy_attachment_uid":"wp-19f9c49a2d5a68ddb8f837dd5887d6a9.jpg","brizy_post_uid":["deff2c89464ea65532093109351bf978","8391218801fc8603de84746e4dc76b77"]}},{"id":26547,"url":"https:\/\/regulus-waldholz.de\/wp-content\/uploads\/2024\/08\/Aktuelles_Forum_QST.png","name":"Aktuelles_Forum_QST.png","meta":{"brizy_attachment_uid":"wp-74f39b9b9c9904426284638868ff944e.png","brizy_post_uid":["deff2c89464ea65532093109351bf978"]}},{"id":26773,"url":"https:\/\/regulus-waldholz.de\/wp-content\/uploads\/2024\/08\/Beitrag_Statuskonferenz_2023.jpg.jpg","name":"Beitrag_Statuskonferenz_2023.jpg.jpg","meta":{"brizy_attachment_uid":"wp-51867c6d5a63593895b5434745f34c19.jpg","brizy_post_uid":["deff2c89464ea65532093109351bf978"]}},{"id":26891,"url":"https:\/\/regulus-waldholz.de\/wp-content\/uploads\/2024\/10\/Konferenz-KI.jpg","name":"Konferenz-KI.jpg","meta":{"brizy_attachment_uid":"wp-136b033677b64c9920d08ed0e223876d.jpg","brizy_post_uid":["deff2c89464ea65532093109351bf978"]}},{"id":27006,"url":"https:\/\/regulus-waldholz.de\/wp-content\/uploads\/2024\/10\/Stellen.png","name":"Stellen.png","meta":{"brizy_attachment_uid":"wp-252fc9de9400112c03927a0af437da09.png","brizy_post_uid":["deff2c89464ea65532093109351bf978"]}},{"id":27037,"url":"https:\/\/regulus-waldholz.de\/wp-content\/uploads\/wpforo\/default_attachments\/1730211989-REGULUS-Freiburg_Guppenbild_CW_20241008_068.jpg","name":"1730211989-REGULUS-Freiburg_Guppenbild_CW_20241008_068.jpg","meta":{"brizy_attachment_uid":"wp-8d2a7b22b7cdb41bfc08aa46cf2c1805.jpg","brizy_post_uid":["acf65595b5bfc29421fdff1ca9a5abaa","deff2c89464ea65532093109351bf978"]}},{"id":27137,"url":"https:\/\/regulus-waldholz.de\/wp-content\/uploads\/2024\/12\/IMG_6439-scaled.jpeg","name":"IMG_6439.jpeg","meta":{"brizy_attachment_uid":"wp-501bc3752778444c9886ee628e670fae.jpeg","brizy_post_uid":["deff2c89464ea65532093109351bf978"]}},{"id":27177,"url":"https:\/\/regulus-waldholz.de\/wp-content\/uploads\/2024\/12\/Beitrag_MonitoringbioEconomy-e1733935039313.png","name":"Beitrag_MonitoringbioEconomy.png","meta":{"brizy_attachment_uid":"wp-fc5d502a6521f2f9ed3cdacc3b84ab22.png","brizy_post_uid":["deff2c89464ea65532093109351bf978"]}},{"id":27337,"url":"https:\/\/regulus-waldholz.de\/wp-content\/uploads\/2025\/01\/schoene-sommerlandschaft-mit-fluss-wald-sonne-und-blauen-himmel-natuerlicher-hintergrund_1161-358.jpg","name":"schoene-sommerlandschaft-mit-fluss-wald-sonne-und-blauen-himmel-natuerlicher-hintergrund_1161-358.jpg","meta":{"brizy_attachment_uid":"wp-fe2adfc40fcd36dc6d9fb750d1199cd8.jpg","brizy_post_uid":["deff2c89464ea65532093109351bf978"]}},{"id":27512,"url":"https:\/\/regulus-waldholz.de\/wp-content\/uploads\/2025\/02\/REGULUS-Freiburg_Guppenbild_20241008_068.jpg","name":"REGULUS-Freiburg_Guppenbild_20241008_068.jpg","meta":{"brizy_attachment_uid":"wp-c9ffff4b83e546edb926fc0b919c03ad.jpg","brizy_post_uid":["acf65595b5bfc29421fdff1ca9a5abaa","deff2c89464ea65532093109351bf978"]}},{"id":27525,"url":"https:\/\/regulus-waldholz.de\/wp-content\/uploads\/2025\/02\/Beitrag_Auwald_A-Dur.png","name":"Beitrag_Auwald_A-Dur.png","meta":{"brizy_attachment_uid":"wp-d3fda3d44431189bd8a3308f9328a9e9.png","brizy_post_uid":["deff2c89464ea65532093109351bf978"]}},{"id":27540,"url":"https:\/\/regulus-waldholz.de\/wp-content\/uploads\/2025\/02\/Beitrag_Auenmagazin_A-Dur.png","name":"Beitrag_Auenmagazin_A-Dur.png","meta":{"brizy_attachment_uid":"wp-8eecdaedf74ad8f2261252afa35f8402.png","brizy_post_uid":["deff2c89464ea65532093109351bf978","8ce528094c4eaffe4c21be82ee803c8a"]}},{"id":27551,"url":"https:\/\/regulus-waldholz.de\/wp-content\/uploads\/2025\/02\/Beitrag_Synthesepublikation_2023.png","name":"Beitrag_Synthesepublikation_2023.png","meta":{"brizy_attachment_uid":"wp-434ef84421c865f9da4081925f81aa45.png","brizy_post_uid":["deff2c89464ea65532093109351bf978","8391218801fc8603de84746e4dc76b77"]}},{"id":27614,"url":"https:\/\/regulus-waldholz.de\/wp-content\/uploads\/2025\/02\/Logo_A-Dur_final_JPG-scaled.jpg","name":"Logo_A-Dur_final_JPG.jpg","meta":{"brizy_attachment_uid":"wp-103b11b1fa4a5cb085fde0318132486a.jpg","brizy_post_uid":["12c97f64bd25c3744aa4cf990434ec99","7d600218166c01f67b5615bf972357a1","deff2c89464ea65532093109351bf978","8ce528094c4eaffe4c21be82ee803c8a"]}},{"id":27876,"url":"https:\/\/regulus-waldholz.de\/wp-content\/uploads\/2025\/03\/Beitrag_Stellenanzeige_ADAPT_2025.png","name":"Beitrag_Stellenanzeige_ADAPT_2025.png","meta":{"brizy_attachment_uid":"wp-b82c787bfebfc4fb7815e805ab004158.png","brizy_post_uid":["deff2c89464ea65532093109351bf978"]}},{"id":27899,"url":"https:\/\/regulus-waldholz.de\/wp-content\/uploads\/2025\/04\/REGULUS_Vernetzung_Holzforschung-e1743590095341.jpg","name":"REGULUS_Vernetzung_Holzforschung.jpg","meta":{"brizy_attachment_uid":"wp-6bbcaa2ec2ae0cd0a7fa2cfc0c6202ee.jpg","brizy_post_uid":["deff2c89464ea65532093109351bf978","8391218801fc8603de84746e4dc76b77"]}},{"id":28062,"url":"https:\/\/regulus-waldholz.de\/wp-content\/uploads\/2025\/05\/Beitrag_Synthese_2025.png","name":"Beitrag_Synthese_2025.png","meta":{"brizy_attachment_uid":"wp-21d5c25f6890ae8463313c2df9bbd1f9.png","brizy_post_uid":["deff2c89464ea65532093109351bf978","8391218801fc8603de84746e4dc76b77"]}},{"id":28132,"url":"https:\/\/regulus-waldholz.de\/wp-content\/uploads\/2025\/06\/Beitrag_Reallabor_Exkursion_Harz-scaled-e1749202551264.jpg","name":"Beitrag_Reallabor_Exkursion_Harz.jpg","meta":{"brizy_attachment_uid":"wp-05799f66b5a7fba7dd27da82ecc9c93f.jpg","brizy_post_uid":["deff2c89464ea65532093109351bf978","8391218801fc8603de84746e4dc76b77"]}},{"id":28523,"url":"https:\/\/regulus-waldholz.de\/wp-content\/uploads\/2025\/10\/2276-1024-e1760089124119.jpg","name":"2276-1024.jpg","meta":{"brizy_attachment_uid":"wp-cae7282fec6e317902865242032aeb5d.jpg","brizy_post_uid":["deff2c89464ea65532093109351bf978","8391218801fc8603de84746e4dc76b77"]}},{"id":28791,"url":"https:\/\/regulus-waldholz.de\/wp-content\/uploads\/2025\/11\/SmartForest.png","name":"SmartForest.png","meta":{"brizy_attachment_uid":"wp-9b16a260c5eabd6ba9962a70ba36ef63.png","brizy_post_uid":["deff2c89464ea65532093109351bf978"]}},{"id":28853,"url":"https:\/\/regulus-waldholz.de\/wp-content\/uploads\/2025\/11\/20251112_124739-scaled-e1763555819814.jpg","name":"20251112_124739.jpg","meta":{"brizy_attachment_uid":"wp-b0462eb03417ff1fddb6db23c88e59a7.jpg","brizy_post_uid":["8391218801fc8603de84746e4dc76b77","deff2c89464ea65532093109351bf978"]}},{"id":28886,"url":"https:\/\/regulus-waldholz.de\/wp-content\/uploads\/2025\/11\/20251112_112316-scaled-e1763632495168.jpg","name":"20251112_112316.jpg","meta":{"brizy_attachment_uid":"wp-6ad785591c0be12d117a6cb9f01a3a40.jpg","brizy_post_uid":["deff2c89464ea65532093109351bf978"]}},{"id":29207,"url":"https:\/\/regulus-waldholz.de\/wp-content\/uploads\/2026\/01\/PXL_20260116_131435225.MP_-scaled.jpg","name":"PXL_20260116_131435225.MP_.jpg","meta":{"brizy_attachment_uid":"wp-31c2b624502c9830594ce16fafa6f154.jpg","brizy_post_uid":["deff2c89464ea65532093109351bf978","8391218801fc8603de84746e4dc76b77"]}},{"id":29210,"url":"https:\/\/regulus-waldholz.de\/wp-content\/uploads\/2026\/01\/PXL_20260116_151737270.MP_-scaled.jpg","name":"PXL_20260116_151737270.MP_.jpg","meta":{"brizy_attachment_uid":"wp-1ffa308e084c954d6ab4235927dfbfc6.jpg","brizy_post_uid":["deff2c89464ea65532093109351bf978"]}},{"id":29211,"url":"https:\/\/regulus-waldholz.de\/wp-content\/uploads\/2026\/01\/PXL_20260116_155510148-scaled.jpg","name":"PXL_20260116_155510148.jpg","meta":{"brizy_attachment_uid":"wp-696f46c5ee6483c7d3f9f5e4972452c8.jpg","brizy_post_uid":["deff2c89464ea65532093109351bf978","8391218801fc8603de84746e4dc76b77"]}},{"id":29329,"url":"https:\/\/regulus-waldholz.de\/wp-content\/uploads\/2026\/03\/IMG_20260317_143927206_TK-scaled.jpg","name":"IMG_20260317_143927206_TK.jpg","meta":{"brizy_attachment_uid":"wp-be3422d718f62323ef79b4ee3a076458.jpg","brizy_post_uid":["deff2c89464ea65532093109351bf978","8391218801fc8603de84746e4dc76b77","8ce528094c4eaffe4c21be82ee803c8a"]}},{"id":29352,"url":"https:\/\/regulus-waldholz.de\/wp-content\/uploads\/2026\/04\/20260316_163559-scaled.jpg","name":"20260316_163559.jpg","meta":{"brizy_attachment_uid":"wp-1009cd48f50b2df1c04c2022a087361c.jpg","brizy_post_uid":["deff2c89464ea65532093109351bf978"]}},{"id":29353,"url":"https:\/\/regulus-waldholz.de\/wp-content\/uploads\/2026\/04\/20260316_141547_TN-scaled.jpg","name":"20260316_141547_TN.jpg","meta":{"brizy_attachment_uid":"wp-ca9831a06b68733bf9f2a1a68b7c7362.jpg","brizy_post_uid":["deff2c89464ea65532093109351bf978"]}},{"id":29354,"url":"https:\/\/regulus-waldholz.de\/wp-content\/uploads\/2026\/04\/Reallabor_Exkursion_Labforest_2026-scaled.png","name":"Reallabor_Exkursion_Labforest_2026.png","meta":{"brizy_attachment_uid":"wp-e6ea10c001aa971ede319317efc74bb5.png","brizy_post_uid":["deff2c89464ea65532093109351bf978"]}}],"_links":{"self":[{"href":"https:\/\/regulus-waldholz.de\/en\/wp-json\/wp\/v2\/posts\/28648","targetHints":{"allow":["GET"]}}],"collection":[{"href":"https:\/\/regulus-waldholz.de\/en\/wp-json\/wp\/v2\/posts"}],"about":[{"href":"https:\/\/regulus-waldholz.de\/en\/wp-json\/wp\/v2\/types\/post"}],"author":[{"embeddable":true,"href":"https:\/\/regulus-waldholz.de\/en\/wp-json\/wp\/v2\/users\/6"}],"replies":[{"embeddable":true,"href":"https:\/\/regulus-waldholz.de\/en\/wp-json\/wp\/v2\/comments?post=28648"}],"version-history":[{"count":30,"href":"https:\/\/regulus-waldholz.de\/en\/wp-json\/wp\/v2\/posts\/28648\/revisions"}],"predecessor-version":[{"id":29302,"href":"https:\/\/regulus-waldholz.de\/en\/wp-json\/wp\/v2\/posts\/28648\/revisions\/29302"}],"wp:featuredmedia":[{"embeddable":true,"href":"https:\/\/regulus-waldholz.de\/en\/wp-json\/wp\/v2\/media\/24743"}],"wp:attachment":[{"href":"https:\/\/regulus-waldholz.de\/en\/wp-json\/wp\/v2\/media?parent=28648"}],"wp:term":[{"taxonomy":"category","embeddable":true,"href":"https:\/\/regulus-waldholz.de\/en\/wp-json\/wp\/v2\/categories?post=28648"},{"taxonomy":"post_tag","embeddable":true,"href":"https:\/\/regulus-waldholz.de\/en\/wp-json\/wp\/v2\/tags?post=28648"}],"curies":[{"name":"wp","href":"https:\/\/api.w.org\/{rel}","templated":true}]}}