{"id":5037,"date":"2023-09-18T09:00:57","date_gmt":"2023-09-18T09:00:57","guid":{"rendered":"https:\/\/dev.regulus.harlapp.de\/?p=5037"},"modified":"2026-04-06T13:37:01","modified_gmt":"2026-04-06T13:37:01","slug":"kickoff-fuer-ein-starkes-forschungsnetz","status":"publish","type":"post","link":"https:\/\/regulus-waldholz.de\/en\/kickoff-fuer-ein-starkes-forschungsnetz\/","title":{"rendered":"Kick-off f\u00fcr ein starkes Forschungsnetz"},"content":{"rendered":"<div class=\"brz-root__container brz-reset-all brz brz-root__container-page\">\n<section id=\"_khmqqyabxxpafhsboavcomfcazuvwbbnyzyn\" class=\"brz-section brz-css-1odfjzm\">\n<div class=\"brz-section__content brz-section--boxed brz-css-17rjuft brz-css-1ko0wea\" data-brz-custom-id=\"hyorlypycrpzmkxtcozkkyibeyxtwnigkfiz\">\n<div class=\"brz-container brz-css-1x4epu2\">\n<div class=\"brz-row__container brz-css-qu1x3i\" data-brz-custom-id=\"ruojctbvoyibvwfinozhvcjytsbznulyqqqu\">\n<div class=\"brz-bg\"><\/div>\n<div class=\"brz-row brz-css-djdk4u brz-css-51y10m\">\n<div class=\"brz-columns brz-css-1pa4s0e brz-css-14ph0vt\" data-brz-custom-id=\"ajfgvvvkddrikljwzphtwfnjyaoscpenvzls\">\n<div class=\"brz-bg\"><\/div>\n<div class=\"brz-column__items brz-css-kcu8fz brz-css-f7k4j5\">\n<div class=\"brz-row__container brz-css-qu1x3i\" data-brz-custom-id=\"ccomdzuftzfpkdcduscljadavbophhqgjnse\">\n<div class=\"brz-bg\"><\/div>\n<div class=\"brz-row brz-row--inner brz-css-djdk4u brz-css-sbyuvf\">\n<div class=\"brz-columns brz-css-1pa4s0e brz-css-gvaf54\" data-brz-custom-id=\"eoolqtlhapccjgwbmoeiskptpwfnyfznfxia\">\n<div class=\"brz-bg\"><\/div>\n<div class=\"brz-column__items brz-css-kcu8fz brz-css-1p6csai\">\n<div id=\"\" class=\"brz-css-o2mcsc brz-css-5ppwdl brz-wrapper\">\n<div class=\"brz-rich-text brz-rich-text__custom brz-css-17l5i4t\" data-brz-custom-id=\"askctrrzcrfmbnivpfoqiwgufwmkgzhupfxa\">\n<div data-brz-translate-text=\"1\">\n<p class=\"brz-tp-lg-paragraph brz-text-lg-left brz-text-xs-center brz-ff-vlrydgomvryeylapbxihpexweubhquwlamdc brz-ft-upload brz-fs-lg-40 brz-fss-lg-px brz-fw-lg-600 brz-ls-lg-0 brz-lh-lg-1_2 brz-css-nRrZ4\" data-uniq-id=\"irfzq\" data-generated-css=\"brz-css-ysqnw\"><a class=\"brz-cp-color2 is-empty\" href=\"\" data-brz-link-type=\"page\"><u>Zur\u00fcck<\/u><\/a><\/p>\n<\/div>\n<\/div>\n<\/div>\n<div id=\"\" class=\"brz-css-o2mcsc brz-css-njhdkm brz-wrapper\">\n<div class=\"brz-spacer brz-css-1eb8c8o brz-css-131gmde\"><\/div>\n<\/div>\n<div id=\"\" class=\"brz-css-o2mcsc brz-css-1dw5c81 brz-wrapper\">\n<div class=\"brz-rich-text brz-rich-text__custom brz-css-17l5i4t\" data-brz-custom-id=\"xxeugztmaxbhonbedsvhgcituqzadcvbsonv\">\n<div data-brz-translate-text=\"1\">\n<h2 class=\"brz-text-xs-center brz-ff-vlrydgomvryeylapbxihpexweubhquwlamdc brz-ft-upload brz-fs-lg-16 brz-fss-lg-px brz-fw-lg-400 brz-ls-lg-0 brz-lh-lg-1_6 brz-text-lg-left brz-tp-lg-heading2 brz-css-xCMzF\" data-uniq-id=\"ypmJq\" data-generated-css=\"brz-css-a0UMS\"><strong class=\"brz-cp-color2\">Kick-off f\u00fcr ein starkes Forschungsnetz<\/strong><\/h2>\n<\/div>\n<\/div>\n<\/div>\n<\/div>\n<\/div>\n<\/div>\n<\/div>\n<div id=\"\" class=\"brz-css-o2mcsc brz-css-njhdkm brz-wrapper\">\n<div class=\"brz-spacer brz-css-1eb8c8o brz-css-rkfe7f\"><\/div>\n<\/div>\n<\/div>\n<\/div>\n<\/div>\n<\/div>\n<div class=\"brz-row__container brz-css-qu1x3i\" data-brz-custom-id=\"bakhvwihtxiegvgreuxcugzorwxkodlwmtmm\">\n<div class=\"brz-bg\"><\/div>\n<div class=\"brz-row brz-css-djdk4u brz-css-6mmjtg\">\n<div class=\"brz-columns brz-css-1pa4s0e brz-css-1puu3yr\" data-brz-custom-id=\"hkreknfwmgwakgxcotcawjgzuldfjsaznfzm\">\n<div class=\"brz-bg\"><\/div>\n<div class=\"brz-column__items brz-css-kcu8fz brz-css-v0qrlj\">\n<div id=\"\" class=\"brz-css-o2mcsc brz-css-mi7xyt brz-wrapper\">\n<div class=\"brz-image brz-css-1ogbos2\" data-brz-custom-id=\"ecbmspxsmmgygqkzgabumybdgyxvervfrpbp\"><img decoding=\"async\" class=\"brz-img lazyload\" data-src=\"https:\/\/regulus-waldholz.de\/wp-content\/uploads\/brizy\/imgs\/Beitrag_Statuskonferenz_2023.jpg-955x514x9x10x936x504x1723837519.jpg\" alt=\"\" src=\"data:image\/svg+xml;base64,PHN2ZyB3aWR0aD0iMSIgaGVpZ2h0PSIxIiB4bWxucz0iaHR0cDovL3d3dy53My5vcmcvMjAwMC9zdmciPjwvc3ZnPg==\" style=\"--smush-placeholder-width: 936px; --smush-placeholder-aspect-ratio: 936\/504;\"><\/div>\n<\/div>\n<div id=\"\" class=\"brz-css-o2mcsc brz-css-njhdkm brz-wrapper\">\n<div class=\"brz-spacer brz-css-1eb8c8o brz-css-6idt1h\"><\/div>\n<\/div>\n<div id=\"\" class=\"brz-css-o2mcsc brz-css-2dma2p brz-wrapper\">\n<div class=\"brz-rich-text brz-rich-text__custom brz-css-17l5i4t\" data-brz-custom-id=\"zhcepxgamsgyrflqgflsmwpsylklqaowusqg\">\n<div data-brz-translate-text=\"1\">\n<p class=\"brz-tp-lg-kjaurkgigwojmsxotpballhnodyrnrsgipoe brz-css-lKIrm\" data-generated-css=\"brz-css-tuWGb\" data-uniq-id=\"uWYTg\"><em class=\"brz-cp-color2\">Die Teilnehmenden der REGULUS-Kick-off-Konferenz vor dem W\u00e4lderhaus in Hamburg<\/em><span class=\"brz-cp-color2\">.<\/span><\/p>\n<\/div>\n<\/div>\n<\/div>\n<\/div>\n<\/div>\n<div class=\"brz-columns brz-css-1pa4s0e brz-css-5qygc6\" data-brz-custom-id=\"ljntshoappvexeqbsgjkarooxmwbjujvejoc\">\n<div class=\"brz-bg\"><\/div>\n<div class=\"brz-column__items brz-css-kcu8fz brz-css-1tai875\">\n<div id=\"\" class=\"brz-css-o2mcsc brz-css-6iuzul brz-wrapper\">\n<div class=\"brz-rich-text brz-rich-text__custom brz-css-17l5i4t\" data-brz-custom-id=\"zcbvleltitpwpylfprxqbcikebzeeguoflws\">\n<div data-brz-translate-text=\"1\">\n<h4 class=\"brz-text-lg-right brz-tp-lg-heading4 brz-text-xs-center brz-css-b5XrB\" data-generated-css=\"brz-css-tvhxu\" data-uniq-id=\"tqcmh\"><span class=\"brz-cp-color2\">Artikelinfo<\/span><\/h4>\n<\/div>\n<\/div>\n<\/div>\n<div id=\"\" class=\"brz-css-o2mcsc brz-css-njhdkm brz-wrapper\">\n<div class=\"brz-spacer brz-css-1eb8c8o brz-css-tquan4\"><\/div>\n<\/div>\n<div id=\"\" class=\"brz-css-o2mcsc brz-css-mc3twq brz-wrapper\">\n<div class=\"brz-rich-text brz-rich-text__custom brz-css-17l5i4t\" data-brz-custom-id=\"upftqycymxmcldathxdtxrgkqefawfqbbcnj\">\n<div data-brz-translate-text=\"1\">\n<p class=\"brz-tp-lg-paragraph brz-text-lg-right brz-text-xs-center brz-css-ceyov\" data-generated-css=\"brz-css-sthka\" data-uniq-id=\"xhudu\"><span class=\"brz-cp-color2\">Foto<\/span><\/p>\n<p class=\"brz-tp-lg-paragraph brz-text-lg-right brz-text-xs-center brz-css-xIbEB\" data-generated-css=\"brz-css-urnds\" data-uniq-id=\"ijlbr\"><em class=\"brz-cp-color2\">Jennifer Stommel<\/em><\/p>\n<p class=\"brz-tp-lg-paragraph brz-text-lg-right brz-text-xs-center brz-css-wgjte\" data-generated-css=\"brz-css-wxlnp\" data-uniq-id=\"nrpth\"><\/p>\n<p class=\"brz-tp-lg-paragraph brz-text-lg-right brz-text-xs-center brz-css-w0Ndo\" data-generated-css=\"brz-css-iwzvs\" data-uniq-id=\"fmujq\"><span class=\"brz-cp-color2\">Erstellt<\/span><\/p>\n<p class=\"brz-tp-lg-paragraph brz-text-lg-right brz-text-xs-center brz-css-jfb8Q\" data-generated-css=\"brz-css-wzyde\" data-uniq-id=\"gohan\"><span class=\"brz-cp-color2\">25.09.2023<\/span><\/p>\n<\/div>\n<\/div>\n<\/div>\n<div id=\"\" class=\"brz-css-o2mcsc brz-css-njhdkm brz-wrapper\">\n<div class=\"brz-spacer brz-css-1eb8c8o brz-css-rhzemc\"><\/div>\n<\/div>\n<div id=\"\" class=\"brz-css-o2mcsc brz-css-1jpph6l brz-wrapper\">\n<div class=\"brz-rich-text brz-rich-text__custom brz-css-17l5i4t\" data-brz-custom-id=\"ypdhcqopuectkoevvviqbrgjoasjavteeelf\">\n<div data-brz-translate-text=\"1\">\n<p class=\"brz-text-lg-right brz-tp-lg-paragraph brz-text-xs-center brz-css-pnVd7\" data-uniq-id=\"cbbap\" data-generated-css=\"brz-css-zpxfc\"><u class=\"brz-cp-color2\">Pressemitteilung<\/u><\/p>\n<\/div>\n<\/div>\n<\/div>\n<\/div>\n<\/div>\n<\/div>\n<\/div>\n<div id=\"\" class=\"brz-css-o2mcsc brz-css-njhdkm brz-wrapper\">\n<div class=\"brz-spacer brz-css-1eb8c8o brz-css-gpxyog\"><\/div>\n<\/div>\n<div class=\"brz-row__container brz-css-qu1x3i\" data-brz-custom-id=\"vuzjextrzfeqwhzqqwcqllvasohfivlsktfi\">\n<div class=\"brz-bg\"><\/div>\n<div class=\"brz-row brz-css-djdk4u brz-css-1kbexl2\">\n<div class=\"brz-columns brz-css-1pa4s0e\" data-brz-custom-id=\"bpxemxhjcbmqqidgcxxyntxdoilrkaofjfgw\">\n<div class=\"brz-bg\"><\/div>\n<div class=\"brz-column__items brz-css-kcu8fz brz-css-ljxqaa\">\n<div id=\"\" class=\"brz-css-o2mcsc brz-css-yroakt brz-wrapper\">\n<div class=\"brz-rich-text brz-rich-text__custom brz-css-17l5i4t\" data-brz-custom-id=\"jctvwvchqjmokhaqisaqblzwpcvgxzoloxwr\">\n<div data-brz-translate-text=\"1\">\n<p class=\"brz-tp-lg-paragraph brz-text-xs-center brz-css-pv9qk\" data-generated-css=\"brz-css-alIbl\" data-uniq-id=\"hftfv\"><span class=\"brz-cp-color7\">Am 18. Und 19. September fand die Kick-off-Konferenz f\u00fcr die gesamte REGULUS-Forschung im W\u00e4lderhaus in Hamburg statt. Das Treffen markierte den offiziellen Auftakt aller aktuell beteiligten Forschungsvorhaben und bot den REGULUS-Forschungsclustern die M\u00f6glichkeit zur Vernetzung. Unter den weit \u00fcber 80 Teilnehmenden waren Wissenschaftler*innen, Praxispartner*innen, Vertreter*innen der Projekttr\u00e4ger sowie der involvierten Ministerien.<\/span><\/p>\n<p class=\"brz-tp-lg-paragraph brz-text-xs-center brz-css-nHfgP\" data-generated-css=\"brz-css-fBpQJ\" data-uniq-id=\"mxsHL\"><span class=\"brz-cp-color7\">Neben dem fachlichen Austausch zur REGULUS-Forschung wurden zuk\u00fcnftige Megatrends und ihre Bedeutung f\u00fcr den Wald-Holz-Sektor in Vortr\u00e4gen, Podiumsdiskussionen und interaktiven Arbeitsgruppen thematisiert.  <\/span><\/p>\n<\/div>\n<\/div>\n<\/div>\n<\/div>\n<\/div>\n<div class=\"brz-columns brz-css-1pa4s0e\" data-brz-custom-id=\"hoqqncgrrbmhkcdhpsboaongwoqpxrcndqgv\">\n<div class=\"brz-bg\"><\/div>\n<div class=\"brz-column__items brz-css-kcu8fz brz-css-rjto41\">\n<div id=\"\" class=\"brz-css-o2mcsc brz-css-14kzo3f brz-wrapper\">\n<div class=\"brz-rich-text brz-rich-text__custom brz-css-17l5i4t\" data-brz-custom-id=\"onpzddjgzfslkxfimsvbecditrplkecumzzy\">\n<div data-brz-translate-text=\"1\">\n<p class=\"brz-tp-lg-paragraph brz-text-xs-center brz-css-qOq_s\" data-generated-css=\"brz-css-f5UCP\" data-uniq-id=\"tWzPN\"><span class=\"brz-cp-color7\">Nach zwei interaktiven und abwechslungsreichen Konferenztagen waren sich alle Beteiligten einig, dass mit REGULUS entscheidende Schritte hin zu einer zukunftsweisenden, besser vernetzten Holz- und Waldforschung gemacht werden k\u00f6nnen und blicken mit Vorfreude auf die nun begonnene, inter- und transdisziplin\u00e4re Forschung im REGULUS-Verbund.<\/span><\/p>\n<p class=\"brz-tp-lg-paragraph brz-text-xs-center brz-css-m0TAa\" data-generated-css=\"brz-css-wqj7P\" data-uniq-id=\"eQ4cB\"><span class=\"brz-cp-color7\"> <\/span><\/p>\n<p class=\"brz-tp-lg-paragraph brz-text-xs-center brz-css-mtkVq\" data-generated-css=\"brz-css-ap41U\" data-uniq-id=\"xPSCk\"><a class=\"link--upload brz-cp-color7\" href=\"https:\/\/regulus-waldholz.de\/en\/?brizy_attachment=wp-de37c1e2bb7b100b2861eb34cc6e392e.pdf\" data-brz-link-type=\"upload\"><u>Zur Dokumentation der REGULUS-Kick-off-Konferenz 2023<\/u><\/a><\/p>\n<p class=\"brz-tp-lg-paragraph brz-text-xs-center brz-css-pcKRn\" data-generated-css=\"brz-css-hA5jM\" data-uniq-id=\"eqgaa\"><span class=\"brz-cp-color7\"> <\/span><\/p>\n<\/div>\n<\/div>\n<\/div>\n<\/div>\n<\/div>\n<\/div>\n<\/div>\n<\/div>\n<\/div>\n<\/section>\n<\/div>\n<p>    <!-- version:1737013435 --><\/p>","protected":false},"excerpt":{"rendered":"<p>Zur\u00fcck Kick-off f\u00fcr ein starkes Forschungsnetz Die Teilnehmenden der REGULUS-Kick-off-Konferenz vor dem W\u00e4lderhaus in Hamburg. Artikelinfo Foto Jennifer Stommel Erstellt 25.09.2023 Pressemitteilung Am 18. Und 19. September fand die Kick-off-Konferenz f\u00fcr die gesamte REGULUS-Forschung im W\u00e4lderhaus in Hamburg statt. Das Treffen markierte den offiziellen Auftakt aller aktuell beteiligten Forschungsvorhaben und bot den REGULUS-Forschungsclustern die M\u00f6glichkeit [&hellip;]<\/p>\n","protected":false},"author":2,"featured_media":26773,"comment_status":"open","ping_status":"open","sticky":false,"template":"brizy-blank-template.php","format":"standard","meta":{"footnotes":""},"categories":[1],"tags":[],"class_list":["post-5037","post","type-post","status-publish","format-standard","has-post-thumbnail","hentry","category-uncategorized","entry","has-media"],"yoast_head":"<!-- This site is optimized with the Yoast SEO plugin v27.5 - https:\/\/yoast.com\/product\/yoast-seo-wordpress\/ -->\n<title>Kick-off f\u00fcr ein starkes Forschungsnetz | REGULUS<\/title>\n<meta name=\"robots\" content=\"index, follow, max-snippet:-1, max-image-preview:large, max-video-preview:-1\" \/>\n<link rel=\"canonical\" href=\"https:\/\/regulus-waldholz.de\/en\/kickoff-fuer-ein-starkes-forschungsnetz\/\" \/>\n<meta property=\"og:locale\" content=\"en_GB\" \/>\n<meta property=\"og:type\" content=\"article\" \/>\n<meta property=\"og:title\" content=\"Kick-off f\u00fcr ein starkes Forschungsnetz | REGULUS\" \/>\n<meta property=\"og:description\" content=\"Zur\u00fcck Kick-off f\u00fcr ein starkes Forschungsnetz Die Teilnehmenden der REGULUS-Kick-off-Konferenz vor dem W\u00e4lderhaus in Hamburg. Artikelinfo Foto Jennifer Stommel Erstellt 25.09.2023 Pressemitteilung Am 18. Und 19. September fand die Kick-off-Konferenz f\u00fcr die gesamte REGULUS-Forschung im W\u00e4lderhaus in Hamburg statt. Das Treffen markierte den offiziellen Auftakt aller aktuell beteiligten Forschungsvorhaben und bot den REGULUS-Forschungsclustern die M\u00f6glichkeit [&hellip;]\" \/>\n<meta property=\"og:url\" content=\"https:\/\/regulus-waldholz.de\/en\/kickoff-fuer-ein-starkes-forschungsnetz\/\" \/>\n<meta property=\"og:site_name\" content=\"REGULUS\" \/>\n<meta property=\"article:published_time\" content=\"2023-09-18T09:00:57+00:00\" \/>\n<meta property=\"article:modified_time\" content=\"2026-04-06T13:37:01+00:00\" \/>\n<meta property=\"og:image\" content=\"https:\/\/regulus-waldholz.de\/wp-content\/uploads\/2024\/08\/Beitrag_Statuskonferenz_2023.jpg.jpg\" \/>\n\t<meta property=\"og:image:width\" content=\"1280\" \/>\n\t<meta property=\"og:image:height\" content=\"689\" \/>\n\t<meta property=\"og:image:type\" content=\"image\/jpeg\" \/>\n<meta name=\"author\" content=\"Nima Nosrati\" \/>\n<meta name=\"twitter:card\" content=\"summary_large_image\" \/>\n<meta name=\"twitter:label1\" content=\"Written by\" \/>\n\t<meta name=\"twitter:data1\" content=\"Nima Nosrati\" \/>\n\t<meta name=\"twitter:label2\" content=\"Estimated reading time\" \/>\n\t<meta name=\"twitter:data2\" content=\"2 minutes\" \/>\n<script type=\"application\/ld+json\" class=\"yoast-schema-graph\">{\"@context\":\"https:\\\/\\\/schema.org\",\"@graph\":[{\"@type\":\"Article\",\"@id\":\"https:\\\/\\\/regulus-waldholz.de\\\/en\\\/kickoff-fuer-ein-starkes-forschungsnetz\\\/#article\",\"isPartOf\":{\"@id\":\"https:\\\/\\\/regulus-waldholz.de\\\/en\\\/kickoff-fuer-ein-starkes-forschungsnetz\\\/\"},\"author\":{\"name\":\"Nima Nosrati\",\"@id\":\"https:\\\/\\\/regulus-waldholz.de\\\/#\\\/schema\\\/person\\\/8f60535b4f35a85f3762705e79c21b43\"},\"headline\":\"Kick-off f\u00fcr ein starkes Forschungsnetz\",\"datePublished\":\"2023-09-18T09:00:57+00:00\",\"dateModified\":\"2026-04-06T13:37:01+00:00\",\"mainEntityOfPage\":{\"@id\":\"https:\\\/\\\/regulus-waldholz.de\\\/en\\\/kickoff-fuer-ein-starkes-forschungsnetz\\\/\"},\"wordCount\":158,\"commentCount\":0,\"publisher\":{\"@id\":\"https:\\\/\\\/regulus-waldholz.de\\\/#organization\"},\"image\":{\"@id\":\"https:\\\/\\\/regulus-waldholz.de\\\/en\\\/kickoff-fuer-ein-starkes-forschungsnetz\\\/#primaryimage\"},\"thumbnailUrl\":\"https:\\\/\\\/regulus-waldholz.de\\\/wp-content\\\/uploads\\\/2024\\\/08\\\/Beitrag_Statuskonferenz_2023.jpg.jpg\",\"articleSection\":[\"Uncategorized\"],\"inLanguage\":\"en-GB\",\"potentialAction\":[{\"@type\":\"CommentAction\",\"name\":\"Comment\",\"target\":[\"https:\\\/\\\/regulus-waldholz.de\\\/en\\\/kickoff-fuer-ein-starkes-forschungsnetz\\\/#respond\"]}]},{\"@type\":\"WebPage\",\"@id\":\"https:\\\/\\\/regulus-waldholz.de\\\/en\\\/kickoff-fuer-ein-starkes-forschungsnetz\\\/\",\"url\":\"https:\\\/\\\/regulus-waldholz.de\\\/en\\\/kickoff-fuer-ein-starkes-forschungsnetz\\\/\",\"name\":\"Kick-off f\u00fcr ein starkes Forschungsnetz | REGULUS\",\"isPartOf\":{\"@id\":\"https:\\\/\\\/regulus-waldholz.de\\\/#website\"},\"primaryImageOfPage\":{\"@id\":\"https:\\\/\\\/regulus-waldholz.de\\\/en\\\/kickoff-fuer-ein-starkes-forschungsnetz\\\/#primaryimage\"},\"image\":{\"@id\":\"https:\\\/\\\/regulus-waldholz.de\\\/en\\\/kickoff-fuer-ein-starkes-forschungsnetz\\\/#primaryimage\"},\"thumbnailUrl\":\"https:\\\/\\\/regulus-waldholz.de\\\/wp-content\\\/uploads\\\/2024\\\/08\\\/Beitrag_Statuskonferenz_2023.jpg.jpg\",\"datePublished\":\"2023-09-18T09:00:57+00:00\",\"dateModified\":\"2026-04-06T13:37:01+00:00\",\"breadcrumb\":{\"@id\":\"https:\\\/\\\/regulus-waldholz.de\\\/en\\\/kickoff-fuer-ein-starkes-forschungsnetz\\\/#breadcrumb\"},\"inLanguage\":\"en-GB\",\"potentialAction\":[{\"@type\":\"ReadAction\",\"target\":[\"https:\\\/\\\/regulus-waldholz.de\\\/en\\\/kickoff-fuer-ein-starkes-forschungsnetz\\\/\"]}]},{\"@type\":\"ImageObject\",\"inLanguage\":\"en-GB\",\"@id\":\"https:\\\/\\\/regulus-waldholz.de\\\/en\\\/kickoff-fuer-ein-starkes-forschungsnetz\\\/#primaryimage\",\"url\":\"https:\\\/\\\/regulus-waldholz.de\\\/wp-content\\\/uploads\\\/2024\\\/08\\\/Beitrag_Statuskonferenz_2023.jpg.jpg\",\"contentUrl\":\"https:\\\/\\\/regulus-waldholz.de\\\/wp-content\\\/uploads\\\/2024\\\/08\\\/Beitrag_Statuskonferenz_2023.jpg.jpg\",\"width\":1280,\"height\":689,\"caption\":\"Beitrag_Statuskonferenz_2023.jpg\"},{\"@type\":\"BreadcrumbList\",\"@id\":\"https:\\\/\\\/regulus-waldholz.de\\\/en\\\/kickoff-fuer-ein-starkes-forschungsnetz\\\/#breadcrumb\",\"itemListElement\":[{\"@type\":\"ListItem\",\"position\":1,\"name\":\"Startseite\",\"item\":\"https:\\\/\\\/regulus-waldholz.de\\\/\"},{\"@type\":\"ListItem\",\"position\":2,\"name\":\"Kick-off f\u00fcr ein starkes Forschungsnetz\"}]},{\"@type\":\"WebSite\",\"@id\":\"https:\\\/\\\/regulus-waldholz.de\\\/#website\",\"url\":\"https:\\\/\\\/regulus-waldholz.de\\\/\",\"name\":\"REGULUS\",\"description\":\"Offizielle Seite des REGULUS-Projekts\",\"publisher\":{\"@id\":\"https:\\\/\\\/regulus-waldholz.de\\\/#organization\"},\"potentialAction\":[{\"@type\":\"SearchAction\",\"target\":{\"@type\":\"EntryPoint\",\"urlTemplate\":\"https:\\\/\\\/regulus-waldholz.de\\\/?s={search_term_string}\"},\"query-input\":{\"@type\":\"PropertyValueSpecification\",\"valueRequired\":true,\"valueName\":\"search_term_string\"}}],\"inLanguage\":\"en-GB\"},{\"@type\":\"Organization\",\"@id\":\"https:\\\/\\\/regulus-waldholz.de\\\/#organization\",\"name\":\"REGULUS\",\"url\":\"https:\\\/\\\/regulus-waldholz.de\\\/\",\"logo\":{\"@type\":\"ImageObject\",\"inLanguage\":\"en-GB\",\"@id\":\"https:\\\/\\\/regulus-waldholz.de\\\/#\\\/schema\\\/logo\\\/image\\\/\",\"url\":\"\",\"contentUrl\":\"\",\"caption\":\"REGULUS\"},\"image\":{\"@id\":\"https:\\\/\\\/regulus-waldholz.de\\\/#\\\/schema\\\/logo\\\/image\\\/\"}},{\"@type\":\"Person\",\"@id\":\"https:\\\/\\\/regulus-waldholz.de\\\/#\\\/schema\\\/person\\\/8f60535b4f35a85f3762705e79c21b43\",\"name\":\"Nima Nosrati\",\"image\":{\"@type\":\"ImageObject\",\"inLanguage\":\"en-GB\",\"@id\":\"\\\/\\\/regulus-waldholz.de\\\/wp-content\\\/uploads\\\/wpforo\\\/avatars\\\/nnosrati_2.jpg\",\"url\":\"\\\/\\\/regulus-waldholz.de\\\/wp-content\\\/uploads\\\/wpforo\\\/avatars\\\/nnosrati_2.jpg\",\"contentUrl\":\"\\\/\\\/regulus-waldholz.de\\\/wp-content\\\/uploads\\\/wpforo\\\/avatars\\\/nnosrati_2.jpg\",\"caption\":\"Nima Nosrati\"},\"sameAs\":[\"https:\\\/\\\/www.harlapp.de\\\/\"]}]}<\/script>\n<!-- \/ Yoast SEO plugin. -->","yoast_head_json":{"title":"Kick-off f\u00fcr ein starkes Forschungsnetz | REGULUS","robots":{"index":"index","follow":"follow","max-snippet":"max-snippet:-1","max-image-preview":"max-image-preview:large","max-video-preview":"max-video-preview:-1"},"canonical":"https:\/\/regulus-waldholz.de\/en\/kickoff-fuer-ein-starkes-forschungsnetz\/","og_locale":"en_GB","og_type":"article","og_title":"Kick-off f\u00fcr ein starkes Forschungsnetz | REGULUS","og_description":"Zur\u00fcck Kick-off f\u00fcr ein starkes Forschungsnetz Die Teilnehmenden der REGULUS-Kick-off-Konferenz vor dem W\u00e4lderhaus in Hamburg. Artikelinfo Foto Jennifer Stommel Erstellt 25.09.2023 Pressemitteilung Am 18. Und 19. September fand die Kick-off-Konferenz f\u00fcr die gesamte REGULUS-Forschung im W\u00e4lderhaus in Hamburg statt. Das Treffen markierte den offiziellen Auftakt aller aktuell beteiligten Forschungsvorhaben und bot den REGULUS-Forschungsclustern die M\u00f6glichkeit [&hellip;]","og_url":"https:\/\/regulus-waldholz.de\/en\/kickoff-fuer-ein-starkes-forschungsnetz\/","og_site_name":"REGULUS","article_published_time":"2023-09-18T09:00:57+00:00","article_modified_time":"2026-04-06T13:37:01+00:00","og_image":[{"width":1280,"height":689,"url":"https:\/\/regulus-waldholz.de\/wp-content\/uploads\/2024\/08\/Beitrag_Statuskonferenz_2023.jpg.jpg","type":"image\/jpeg"}],"author":"Nima Nosrati","twitter_card":"summary_large_image","twitter_misc":{"Written by":"Nima Nosrati","Estimated reading time":"2 minutes"},"schema":{"@context":"https:\/\/schema.org","@graph":[{"@type":"Article","@id":"https:\/\/regulus-waldholz.de\/en\/kickoff-fuer-ein-starkes-forschungsnetz\/#article","isPartOf":{"@id":"https:\/\/regulus-waldholz.de\/en\/kickoff-fuer-ein-starkes-forschungsnetz\/"},"author":{"name":"Nima Nosrati","@id":"https:\/\/regulus-waldholz.de\/#\/schema\/person\/8f60535b4f35a85f3762705e79c21b43"},"headline":"Kick-off f\u00fcr ein starkes Forschungsnetz","datePublished":"2023-09-18T09:00:57+00:00","dateModified":"2026-04-06T13:37:01+00:00","mainEntityOfPage":{"@id":"https:\/\/regulus-waldholz.de\/en\/kickoff-fuer-ein-starkes-forschungsnetz\/"},"wordCount":158,"commentCount":0,"publisher":{"@id":"https:\/\/regulus-waldholz.de\/#organization"},"image":{"@id":"https:\/\/regulus-waldholz.de\/en\/kickoff-fuer-ein-starkes-forschungsnetz\/#primaryimage"},"thumbnailUrl":"https:\/\/regulus-waldholz.de\/wp-content\/uploads\/2024\/08\/Beitrag_Statuskonferenz_2023.jpg.jpg","articleSection":["Uncategorized"],"inLanguage":"en-GB","potentialAction":[{"@type":"CommentAction","name":"Comment","target":["https:\/\/regulus-waldholz.de\/en\/kickoff-fuer-ein-starkes-forschungsnetz\/#respond"]}]},{"@type":"WebPage","@id":"https:\/\/regulus-waldholz.de\/en\/kickoff-fuer-ein-starkes-forschungsnetz\/","url":"https:\/\/regulus-waldholz.de\/en\/kickoff-fuer-ein-starkes-forschungsnetz\/","name":"Kick-off f\u00fcr ein starkes Forschungsnetz | REGULUS","isPartOf":{"@id":"https:\/\/regulus-waldholz.de\/#website"},"primaryImageOfPage":{"@id":"https:\/\/regulus-waldholz.de\/en\/kickoff-fuer-ein-starkes-forschungsnetz\/#primaryimage"},"image":{"@id":"https:\/\/regulus-waldholz.de\/en\/kickoff-fuer-ein-starkes-forschungsnetz\/#primaryimage"},"thumbnailUrl":"https:\/\/regulus-waldholz.de\/wp-content\/uploads\/2024\/08\/Beitrag_Statuskonferenz_2023.jpg.jpg","datePublished":"2023-09-18T09:00:57+00:00","dateModified":"2026-04-06T13:37:01+00:00","breadcrumb":{"@id":"https:\/\/regulus-waldholz.de\/en\/kickoff-fuer-ein-starkes-forschungsnetz\/#breadcrumb"},"inLanguage":"en-GB","potentialAction":[{"@type":"ReadAction","target":["https:\/\/regulus-waldholz.de\/en\/kickoff-fuer-ein-starkes-forschungsnetz\/"]}]},{"@type":"ImageObject","inLanguage":"en-GB","@id":"https:\/\/regulus-waldholz.de\/en\/kickoff-fuer-ein-starkes-forschungsnetz\/#primaryimage","url":"https:\/\/regulus-waldholz.de\/wp-content\/uploads\/2024\/08\/Beitrag_Statuskonferenz_2023.jpg.jpg","contentUrl":"https:\/\/regulus-waldholz.de\/wp-content\/uploads\/2024\/08\/Beitrag_Statuskonferenz_2023.jpg.jpg","width":1280,"height":689,"caption":"Beitrag_Statuskonferenz_2023.jpg"},{"@type":"BreadcrumbList","@id":"https:\/\/regulus-waldholz.de\/en\/kickoff-fuer-ein-starkes-forschungsnetz\/#breadcrumb","itemListElement":[{"@type":"ListItem","position":1,"name":"Startseite","item":"https:\/\/regulus-waldholz.de\/"},{"@type":"ListItem","position":2,"name":"Kick-off f\u00fcr ein starkes Forschungsnetz"}]},{"@type":"WebSite","@id":"https:\/\/regulus-waldholz.de\/#website","url":"https:\/\/regulus-waldholz.de\/","name":"REGULUS","description":"Offizielle Seite des REGULUS-Projekts","publisher":{"@id":"https:\/\/regulus-waldholz.de\/#organization"},"potentialAction":[{"@type":"SearchAction","target":{"@type":"EntryPoint","urlTemplate":"https:\/\/regulus-waldholz.de\/?s={search_term_string}"},"query-input":{"@type":"PropertyValueSpecification","valueRequired":true,"valueName":"search_term_string"}}],"inLanguage":"en-GB"},{"@type":"Organization","@id":"https:\/\/regulus-waldholz.de\/#organization","name":"REGULUS","url":"https:\/\/regulus-waldholz.de\/","logo":{"@type":"ImageObject","inLanguage":"en-GB","@id":"https:\/\/regulus-waldholz.de\/#\/schema\/logo\/image\/","url":"","contentUrl":"","caption":"REGULUS"},"image":{"@id":"https:\/\/regulus-waldholz.de\/#\/schema\/logo\/image\/"}},{"@type":"Person","@id":"https:\/\/regulus-waldholz.de\/#\/schema\/person\/8f60535b4f35a85f3762705e79c21b43","name":"Nima Nosrati","image":{"@type":"ImageObject","inLanguage":"en-GB","@id":"\/\/regulus-waldholz.de\/wp-content\/uploads\/wpforo\/avatars\/nnosrati_2.jpg","url":"\/\/regulus-waldholz.de\/wp-content\/uploads\/wpforo\/avatars\/nnosrati_2.jpg","contentUrl":"\/\/regulus-waldholz.de\/wp-content\/uploads\/wpforo\/avatars\/nnosrati_2.jpg","caption":"Nima Nosrati"},"sameAs":["https:\/\/www.harlapp.de\/"]}]}},"brizy_media":[{"id":5951,"url":"https:\/\/regulus-waldholz.de\/wp-content\/uploads\/2023\/11\/REG-21_Illustration_Innovationsgruppen.png","name":"REG-21_Illustration_Innovationsgruppen.png","meta":{"brizy_attachment_uid":"wp-d00588b4e28b6ab56a542b996c3da60a.png","brizy_post_uid":["8391218801fc8603de84746e4dc76b77","32ddc7bb274f82262ebac30c95a89f42","12c97f64bd25c3744aa4cf990434ec99","8ce528094c4eaffe4c21be82ee803c8a","deff2c89464ea65532093109351bf978"]}},{"id":18767,"url":"https:\/\/regulus-waldholz.de\/wp-content\/uploads\/2024\/01\/20230918_Plenumfragen_01-1.jpg","name":"20230918_Plenumfragen_01-1.jpg","meta":{"brizy_attachment_uid":"wp-fc64e576c5648f29ceb2272b53f3900b.jpg","brizy_post_uid":["fa7e3a262c140959998d38cc206491dd","8ce528094c4eaffe4c21be82ee803c8a","deff2c89464ea65532093109351bf978"]}},{"id":22280,"url":"https:\/\/regulus-waldholz.de\/wp-content\/uploads\/2024\/03\/PM_HZB_20240308.png","name":"PM_HZB_20240308.png","meta":{"brizy_attachment_uid":"wp-fc37d0dfaa5102ed279360989df1c0c1.png","brizy_post_uid":["8391218801fc8603de84746e4dc76b77","deff2c89464ea65532093109351bf978"]}},{"id":24663,"url":"https:\/\/regulus-waldholz.de\/wp-content\/uploads\/2024\/06\/20230918_Kennenlernaktivitaet_05.jpg","name":"20230918_Kennenlernaktivitaet_05.jpg","meta":{"brizy_attachment_uid":"wp-ae059f574770c576f3f636340ca07e11.jpg","brizy_post_uid":["deff2c89464ea65532093109351bf978"]}},{"id":24743,"url":"https:\/\/regulus-waldholz.de\/wp-content\/uploads\/2024\/06\/Keypicture_Haende_Team-scaled-e1717584918495.jpeg","name":"Keypicture_Haende_Team.jpeg","meta":{"brizy_attachment_uid":"wp-2f4b44bddc12fe939992f480a60f450c.jpeg","brizy_post_uid":["deff2c89464ea65532093109351bf978"]}},{"id":26485,"url":"https:\/\/regulus-waldholz.de\/wp-content\/uploads\/2024\/08\/IUFRO_Praesidentin_Daniela_Kleinschmit.jpg","name":"IUFRO_Praesidentin_Daniela_Kleinschmit.jpg","meta":{"brizy_attachment_uid":"wp-09d4ed9275474fece87977d81512d15a.jpg","brizy_post_uid":["deff2c89464ea65532093109351bf978","8391218801fc8603de84746e4dc76b77"]}},{"id":26534,"url":"https:\/\/regulus-waldholz.de\/wp-content\/uploads\/2024\/08\/REGULUS_IUFRO_Gruppenbild.jpg","name":"REGULUS_IUFRO_Gruppenbild.jpg","meta":{"brizy_attachment_uid":"wp-19f9c49a2d5a68ddb8f837dd5887d6a9.jpg","brizy_post_uid":["deff2c89464ea65532093109351bf978","8391218801fc8603de84746e4dc76b77"]}},{"id":26547,"url":"https:\/\/regulus-waldholz.de\/wp-content\/uploads\/2024\/08\/Aktuelles_Forum_QST.png","name":"Aktuelles_Forum_QST.png","meta":{"brizy_attachment_uid":"wp-74f39b9b9c9904426284638868ff944e.png","brizy_post_uid":["deff2c89464ea65532093109351bf978"]}},{"id":26773,"url":"https:\/\/regulus-waldholz.de\/wp-content\/uploads\/2024\/08\/Beitrag_Statuskonferenz_2023.jpg.jpg","name":"Beitrag_Statuskonferenz_2023.jpg.jpg","meta":{"brizy_attachment_uid":"wp-51867c6d5a63593895b5434745f34c19.jpg","brizy_post_uid":["deff2c89464ea65532093109351bf978"]}},{"id":26891,"url":"https:\/\/regulus-waldholz.de\/wp-content\/uploads\/2024\/10\/Konferenz-KI.jpg","name":"Konferenz-KI.jpg","meta":{"brizy_attachment_uid":"wp-136b033677b64c9920d08ed0e223876d.jpg","brizy_post_uid":["deff2c89464ea65532093109351bf978"]}},{"id":27006,"url":"https:\/\/regulus-waldholz.de\/wp-content\/uploads\/2024\/10\/Stellen.png","name":"Stellen.png","meta":{"brizy_attachment_uid":"wp-252fc9de9400112c03927a0af437da09.png","brizy_post_uid":["deff2c89464ea65532093109351bf978"]}},{"id":27037,"url":"https:\/\/regulus-waldholz.de\/wp-content\/uploads\/wpforo\/default_attachments\/1730211989-REGULUS-Freiburg_Guppenbild_CW_20241008_068.jpg","name":"1730211989-REGULUS-Freiburg_Guppenbild_CW_20241008_068.jpg","meta":{"brizy_attachment_uid":"wp-8d2a7b22b7cdb41bfc08aa46cf2c1805.jpg","brizy_post_uid":["acf65595b5bfc29421fdff1ca9a5abaa","deff2c89464ea65532093109351bf978"]}},{"id":27137,"url":"https:\/\/regulus-waldholz.de\/wp-content\/uploads\/2024\/12\/IMG_6439-scaled.jpeg","name":"IMG_6439.jpeg","meta":{"brizy_attachment_uid":"wp-501bc3752778444c9886ee628e670fae.jpeg","brizy_post_uid":["deff2c89464ea65532093109351bf978"]}},{"id":27177,"url":"https:\/\/regulus-waldholz.de\/wp-content\/uploads\/2024\/12\/Beitrag_MonitoringbioEconomy-e1733935039313.png","name":"Beitrag_MonitoringbioEconomy.png","meta":{"brizy_attachment_uid":"wp-fc5d502a6521f2f9ed3cdacc3b84ab22.png","brizy_post_uid":["deff2c89464ea65532093109351bf978"]}},{"id":27337,"url":"https:\/\/regulus-waldholz.de\/wp-content\/uploads\/2025\/01\/schoene-sommerlandschaft-mit-fluss-wald-sonne-und-blauen-himmel-natuerlicher-hintergrund_1161-358.jpg","name":"schoene-sommerlandschaft-mit-fluss-wald-sonne-und-blauen-himmel-natuerlicher-hintergrund_1161-358.jpg","meta":{"brizy_attachment_uid":"wp-fe2adfc40fcd36dc6d9fb750d1199cd8.jpg","brizy_post_uid":["deff2c89464ea65532093109351bf978"]}},{"id":27512,"url":"https:\/\/regulus-waldholz.de\/wp-content\/uploads\/2025\/02\/REGULUS-Freiburg_Guppenbild_20241008_068.jpg","name":"REGULUS-Freiburg_Guppenbild_20241008_068.jpg","meta":{"brizy_attachment_uid":"wp-c9ffff4b83e546edb926fc0b919c03ad.jpg","brizy_post_uid":["acf65595b5bfc29421fdff1ca9a5abaa","deff2c89464ea65532093109351bf978"]}},{"id":27525,"url":"https:\/\/regulus-waldholz.de\/wp-content\/uploads\/2025\/02\/Beitrag_Auwald_A-Dur.png","name":"Beitrag_Auwald_A-Dur.png","meta":{"brizy_attachment_uid":"wp-d3fda3d44431189bd8a3308f9328a9e9.png","brizy_post_uid":["deff2c89464ea65532093109351bf978"]}},{"id":27540,"url":"https:\/\/regulus-waldholz.de\/wp-content\/uploads\/2025\/02\/Beitrag_Auenmagazin_A-Dur.png","name":"Beitrag_Auenmagazin_A-Dur.png","meta":{"brizy_attachment_uid":"wp-8eecdaedf74ad8f2261252afa35f8402.png","brizy_post_uid":["deff2c89464ea65532093109351bf978","8ce528094c4eaffe4c21be82ee803c8a"]}},{"id":27551,"url":"https:\/\/regulus-waldholz.de\/wp-content\/uploads\/2025\/02\/Beitrag_Synthesepublikation_2023.png","name":"Beitrag_Synthesepublikation_2023.png","meta":{"brizy_attachment_uid":"wp-434ef84421c865f9da4081925f81aa45.png","brizy_post_uid":["deff2c89464ea65532093109351bf978","8391218801fc8603de84746e4dc76b77"]}},{"id":27614,"url":"https:\/\/regulus-waldholz.de\/wp-content\/uploads\/2025\/02\/Logo_A-Dur_final_JPG-scaled.jpg","name":"Logo_A-Dur_final_JPG.jpg","meta":{"brizy_attachment_uid":"wp-103b11b1fa4a5cb085fde0318132486a.jpg","brizy_post_uid":["12c97f64bd25c3744aa4cf990434ec99","7d600218166c01f67b5615bf972357a1","deff2c89464ea65532093109351bf978","8ce528094c4eaffe4c21be82ee803c8a"]}},{"id":27876,"url":"https:\/\/regulus-waldholz.de\/wp-content\/uploads\/2025\/03\/Beitrag_Stellenanzeige_ADAPT_2025.png","name":"Beitrag_Stellenanzeige_ADAPT_2025.png","meta":{"brizy_attachment_uid":"wp-b82c787bfebfc4fb7815e805ab004158.png","brizy_post_uid":["deff2c89464ea65532093109351bf978"]}},{"id":27899,"url":"https:\/\/regulus-waldholz.de\/wp-content\/uploads\/2025\/04\/REGULUS_Vernetzung_Holzforschung-e1743590095341.jpg","name":"REGULUS_Vernetzung_Holzforschung.jpg","meta":{"brizy_attachment_uid":"wp-6bbcaa2ec2ae0cd0a7fa2cfc0c6202ee.jpg","brizy_post_uid":["deff2c89464ea65532093109351bf978","8391218801fc8603de84746e4dc76b77"]}},{"id":28062,"url":"https:\/\/regulus-waldholz.de\/wp-content\/uploads\/2025\/05\/Beitrag_Synthese_2025.png","name":"Beitrag_Synthese_2025.png","meta":{"brizy_attachment_uid":"wp-21d5c25f6890ae8463313c2df9bbd1f9.png","brizy_post_uid":["deff2c89464ea65532093109351bf978","8391218801fc8603de84746e4dc76b77"]}},{"id":28132,"url":"https:\/\/regulus-waldholz.de\/wp-content\/uploads\/2025\/06\/Beitrag_Reallabor_Exkursion_Harz-scaled-e1749202551264.jpg","name":"Beitrag_Reallabor_Exkursion_Harz.jpg","meta":{"brizy_attachment_uid":"wp-05799f66b5a7fba7dd27da82ecc9c93f.jpg","brizy_post_uid":["deff2c89464ea65532093109351bf978","8391218801fc8603de84746e4dc76b77"]}},{"id":28523,"url":"https:\/\/regulus-waldholz.de\/wp-content\/uploads\/2025\/10\/2276-1024-e1760089124119.jpg","name":"2276-1024.jpg","meta":{"brizy_attachment_uid":"wp-cae7282fec6e317902865242032aeb5d.jpg","brizy_post_uid":["deff2c89464ea65532093109351bf978","8391218801fc8603de84746e4dc76b77"]}},{"id":28791,"url":"https:\/\/regulus-waldholz.de\/wp-content\/uploads\/2025\/11\/SmartForest.png","name":"SmartForest.png","meta":{"brizy_attachment_uid":"wp-9b16a260c5eabd6ba9962a70ba36ef63.png","brizy_post_uid":["deff2c89464ea65532093109351bf978"]}},{"id":28853,"url":"https:\/\/regulus-waldholz.de\/wp-content\/uploads\/2025\/11\/20251112_124739-scaled-e1763555819814.jpg","name":"20251112_124739.jpg","meta":{"brizy_attachment_uid":"wp-b0462eb03417ff1fddb6db23c88e59a7.jpg","brizy_post_uid":["8391218801fc8603de84746e4dc76b77","deff2c89464ea65532093109351bf978"]}},{"id":28886,"url":"https:\/\/regulus-waldholz.de\/wp-content\/uploads\/2025\/11\/20251112_112316-scaled-e1763632495168.jpg","name":"20251112_112316.jpg","meta":{"brizy_attachment_uid":"wp-6ad785591c0be12d117a6cb9f01a3a40.jpg","brizy_post_uid":["deff2c89464ea65532093109351bf978"]}},{"id":29207,"url":"https:\/\/regulus-waldholz.de\/wp-content\/uploads\/2026\/01\/PXL_20260116_131435225.MP_-scaled.jpg","name":"PXL_20260116_131435225.MP_.jpg","meta":{"brizy_attachment_uid":"wp-31c2b624502c9830594ce16fafa6f154.jpg","brizy_post_uid":["deff2c89464ea65532093109351bf978","8391218801fc8603de84746e4dc76b77"]}},{"id":29210,"url":"https:\/\/regulus-waldholz.de\/wp-content\/uploads\/2026\/01\/PXL_20260116_151737270.MP_-scaled.jpg","name":"PXL_20260116_151737270.MP_.jpg","meta":{"brizy_attachment_uid":"wp-1ffa308e084c954d6ab4235927dfbfc6.jpg","brizy_post_uid":["deff2c89464ea65532093109351bf978"]}},{"id":29211,"url":"https:\/\/regulus-waldholz.de\/wp-content\/uploads\/2026\/01\/PXL_20260116_155510148-scaled.jpg","name":"PXL_20260116_155510148.jpg","meta":{"brizy_attachment_uid":"wp-696f46c5ee6483c7d3f9f5e4972452c8.jpg","brizy_post_uid":["deff2c89464ea65532093109351bf978","8391218801fc8603de84746e4dc76b77"]}},{"id":29329,"url":"https:\/\/regulus-waldholz.de\/wp-content\/uploads\/2026\/03\/IMG_20260317_143927206_TK-scaled.jpg","name":"IMG_20260317_143927206_TK.jpg","meta":{"brizy_attachment_uid":"wp-be3422d718f62323ef79b4ee3a076458.jpg","brizy_post_uid":["deff2c89464ea65532093109351bf978","8391218801fc8603de84746e4dc76b77","8ce528094c4eaffe4c21be82ee803c8a"]}},{"id":29352,"url":"https:\/\/regulus-waldholz.de\/wp-content\/uploads\/2026\/04\/20260316_163559-scaled.jpg","name":"20260316_163559.jpg","meta":{"brizy_attachment_uid":"wp-1009cd48f50b2df1c04c2022a087361c.jpg","brizy_post_uid":["deff2c89464ea65532093109351bf978"]}},{"id":29353,"url":"https:\/\/regulus-waldholz.de\/wp-content\/uploads\/2026\/04\/20260316_141547_TN-scaled.jpg","name":"20260316_141547_TN.jpg","meta":{"brizy_attachment_uid":"wp-ca9831a06b68733bf9f2a1a68b7c7362.jpg","brizy_post_uid":["deff2c89464ea65532093109351bf978"]}},{"id":29354,"url":"https:\/\/regulus-waldholz.de\/wp-content\/uploads\/2026\/04\/Reallabor_Exkursion_Labforest_2026-scaled.png","name":"Reallabor_Exkursion_Labforest_2026.png","meta":{"brizy_attachment_uid":"wp-e6ea10c001aa971ede319317efc74bb5.png","brizy_post_uid":["deff2c89464ea65532093109351bf978"]}}],"_links":{"self":[{"href":"https:\/\/regulus-waldholz.de\/en\/wp-json\/wp\/v2\/posts\/5037","targetHints":{"allow":["GET"]}}],"collection":[{"href":"https:\/\/regulus-waldholz.de\/en\/wp-json\/wp\/v2\/posts"}],"about":[{"href":"https:\/\/regulus-waldholz.de\/en\/wp-json\/wp\/v2\/types\/post"}],"author":[{"embeddable":true,"href":"https:\/\/regulus-waldholz.de\/en\/wp-json\/wp\/v2\/users\/2"}],"replies":[{"embeddable":true,"href":"https:\/\/regulus-waldholz.de\/en\/wp-json\/wp\/v2\/comments?post=5037"}],"version-history":[{"count":0,"href":"https:\/\/regulus-waldholz.de\/en\/wp-json\/wp\/v2\/posts\/5037\/revisions"}],"wp:featuredmedia":[{"embeddable":true,"href":"https:\/\/regulus-waldholz.de\/en\/wp-json\/wp\/v2\/media\/26773"}],"wp:attachment":[{"href":"https:\/\/regulus-waldholz.de\/en\/wp-json\/wp\/v2\/media?parent=5037"}],"wp:term":[{"taxonomy":"category","embeddable":true,"href":"https:\/\/regulus-waldholz.de\/en\/wp-json\/wp\/v2\/categories?post=5037"},{"taxonomy":"post_tag","embeddable":true,"href":"https:\/\/regulus-waldholz.de\/en\/wp-json\/wp\/v2\/tags?post=5037"}],"curies":[{"name":"wp","href":"https:\/\/api.w.org\/{rel}","templated":true}]}}