{"id":5418,"date":"2023-07-20T09:00:27","date_gmt":"2023-07-20T09:00:27","guid":{"rendered":"https:\/\/dev.regulus.harlapp.de\/?p=5418"},"modified":"2026-04-06T19:12:54","modified_gmt":"2026-04-06T19:12:54","slug":"offizieller-startschuss-fuer-die-regulus-innovationsgruppe-isar","status":"publish","type":"post","link":"https:\/\/regulus-waldholz.de\/en\/offizieller-startschuss-fuer-die-regulus-innovationsgruppe-isar\/","title":{"rendered":"Offizieller Startschuss f\u00fcr die REGULUS-Innovationsgruppe ISAR"},"content":{"rendered":"<div class=\"brz-root__container brz-reset-all brz brz-root__container-page\">\n<section id=\"_sdkemokgealrimlbxzpaynimlstaptgkbnww\" class=\"brz-section brz-css-pbqn4q\">\n<div class=\"brz-section__content brz-section--boxed brz-css-1wh91vw brz-css-82u0vz\" data-brz-custom-id=\"hrwywlbhimhbbrxjvkoxmmrdbkhhzntsmmjs\">\n<div class=\"brz-container brz-css-1ql12t7\">\n<div class=\"brz-row__container brz-css-d3mstn\" data-brz-custom-id=\"bsssspbonobcyvhonhagxsichjiodhbnocmq\">\n<div class=\"brz-bg\"><\/div>\n<div class=\"brz-row brz-css-gt6ddo brz-css-1f0gg2o\">\n<div class=\"brz-columns brz-css-ij26t9 brz-css-10ho6ub\" data-brz-custom-id=\"vdwquxljgdllfmmhystdgqrykpefbamnuyij\">\n<div class=\"brz-bg\"><\/div>\n<div class=\"brz-column__items brz-css-8dag3i brz-css-drw9xh\">\n<div class=\"brz-row__container brz-css-d3mstn\" data-brz-custom-id=\"grqizmzqzblgylutuouajyidaedjhyjoigkg\">\n<div class=\"brz-bg\"><\/div>\n<div class=\"brz-row brz-row--inner brz-css-gt6ddo brz-css-15rauv5\">\n<div class=\"brz-columns brz-css-ij26t9 brz-css-17a9nwk\" data-brz-custom-id=\"ybbfcoscdybsineulzruwvikisgagmgataee\">\n<div class=\"brz-bg\"><\/div>\n<div class=\"brz-column__items brz-css-8dag3i brz-css-aggypt\">\n<div id=\"\" class=\"brz-css-1ql84z2 brz-css-6mwda4 brz-wrapper\">\n<div class=\"brz-spacer brz-css-m75kc7 brz-css-aehfik\"><\/div>\n<\/div>\n<div id=\"\" class=\"brz-css-1ql84z2 brz-css-ns7i0r brz-wrapper\">\n<div class=\"brz-rich-text brz-rich-text__custom brz-css-1movs99\" data-brz-custom-id=\"mdorwdxyohblhqdptlqusnenqtizwqhnxvsm\">\n<div data-brz-translate-text=\"1\">\n<p class=\"brz-tp-lg-paragraph brz-text-lg-left brz-text-xs-center brz-ff-vlrydgomvryeylapbxihpexweubhquwlamdc brz-ft-upload brz-fs-lg-40 brz-fss-lg-px brz-fw-lg-600 brz-ls-lg-0 brz-lh-lg-1_2 brz-css-mVYux\" data-uniq-id=\"irfzq\" data-generated-css=\"brz-css-ysqnw\"><a class=\"brz-cp-color2 is-empty\" href=\"\" data-brz-link-type=\"page\"><u>Zur\u00fcck<\/u><\/a><\/p>\n<\/div>\n<\/div>\n<\/div>\n<div id=\"\" class=\"brz-css-1ql84z2 brz-css-6mwda4 brz-wrapper\">\n<div class=\"brz-spacer brz-css-m75kc7 brz-css-13dfnkm\"><\/div>\n<\/div>\n<div id=\"\" class=\"brz-css-1ql84z2 brz-css-ppyp37 brz-wrapper\">\n<div class=\"brz-rich-text brz-rich-text__custom brz-css-1movs99\" data-brz-custom-id=\"rjdgrvyxzuiqbxjbwwgcjcydsrhzhdpshggh\">\n<div data-brz-translate-text=\"1\">\n<h2 class=\"brz-tp-lg-heading2 brz-text-lg-left brz-lh-lg-1_6 brz-ls-lg-0 brz-fw-lg-400 brz-fss-lg-px brz-fs-lg-16 brz-ft-upload brz-ff-vlrydgomvryeylapbxihpexweubhquwlamdc brz-text-xs-center brz-css-cA64T\" data-generated-css=\"brz-css-wNxgT\" data-uniq-id=\"iEzgw\"><strong class=\"brz-cp-color2\">Offizieller Startschuss f\u00fcr die REGULUS-Innovationsgruppe ISAR<\/strong><\/h2>\n<\/div>\n<\/div>\n<\/div>\n<\/div>\n<\/div>\n<\/div>\n<\/div>\n<div id=\"\" class=\"brz-css-1ql84z2 brz-css-6mwda4 brz-wrapper\">\n<div class=\"brz-spacer brz-css-m75kc7 brz-css-1rnvuq1\"><\/div>\n<\/div>\n<\/div>\n<\/div>\n<\/div>\n<\/div>\n<div class=\"brz-row__container brz-css-d3mstn\" data-brz-custom-id=\"yufggbvblxftxysyacyfmsgvdchnzbsowbsr\">\n<div class=\"brz-bg\"><\/div>\n<div class=\"brz-row brz-css-gt6ddo brz-css-e5kf4o\">\n<div class=\"brz-columns brz-css-ij26t9 brz-css-n2fn91\" data-brz-custom-id=\"cgugnjiilczhlrrpplckwbdjziepnpdyodqj\">\n<div class=\"brz-bg\"><\/div>\n<div class=\"brz-column__items brz-css-8dag3i brz-css-1pzpk8\">\n<div id=\"\" class=\"brz-css-1ql84z2 brz-css-9mey2h brz-wrapper\">\n<div class=\"brz-image brz-css-186vb2g\" data-brz-custom-id=\"nmcbgwbartcxvjplbiauhqezbovhctuzoqqg\"><img decoding=\"async\" class=\"brz-img lazyload\" data-src=\"https:\/\/regulus-waldholz.de\/wp-content\/uploads\/2023\/11\/Kick-off-ISAR-1.webp\" alt=\"\" src=\"data:image\/svg+xml;base64,PHN2ZyB3aWR0aD0iMSIgaGVpZ2h0PSIxIiB4bWxucz0iaHR0cDovL3d3dy53My5vcmcvMjAwMC9zdmciPjwvc3ZnPg==\" style=\"--smush-placeholder-width: 1227px; --smush-placeholder-aspect-ratio: 1227\/604;\"><\/div>\n<\/div>\n<div id=\"\" class=\"brz-css-1ql84z2 brz-css-6mwda4 brz-wrapper\">\n<div class=\"brz-spacer brz-css-m75kc7 brz-css-l3va3f\"><\/div>\n<\/div>\n<div id=\"\" class=\"brz-css-1ql84z2 brz-css-1rsp9ne brz-wrapper\">\n<div class=\"brz-rich-text brz-rich-text__custom brz-css-1movs99\" data-brz-custom-id=\"fcxhfjdehzrxvsjqwjjxdsiqjjzzxnwvsaib\">\n<div data-brz-translate-text=\"1\">\n<p class=\"brz-tp-lg-kjaurkgigwojmsxotpballhnodyrnrsgipoe brz-css-vis76\" data-generated-css=\"brz-css-dcdum\" data-uniq-id=\"vpezl\"><em class=\"brz-cp-color2\">Teilnehmende der ISAR Auftaktveranstaltung auf dem Campus der TU M\u00fcnchen in Weihenstephan\/Freising am 20.07.2023. <\/em><\/p>\n<\/div>\n<\/div>\n<\/div>\n<\/div>\n<\/div>\n<div class=\"brz-columns brz-css-ij26t9 brz-css-cbjios\" data-brz-custom-id=\"bpfkenhuyciylduluakjjltwukrupioqjogp\">\n<div class=\"brz-bg\"><\/div>\n<div class=\"brz-column__items brz-css-8dag3i brz-css-rpqmxz\">\n<div id=\"\" class=\"brz-css-1ql84z2 brz-css-1qfoyef brz-wrapper\">\n<div class=\"brz-rich-text brz-rich-text__custom brz-css-1movs99\" data-brz-custom-id=\"pcmhylaafufqmkirxuwpqlxbadqywqnjavpw\">\n<div data-brz-translate-text=\"1\">\n<h4 class=\"brz-text-lg-right brz-tp-lg-heading4 brz-text-xs-center brz-css-yCfqE\" data-generated-css=\"brz-css-tvhxu\" data-uniq-id=\"tqcmh\"><span class=\"brz-cp-color2\">Artikelinfo<\/span><\/h4>\n<\/div>\n<\/div>\n<\/div>\n<div id=\"\" class=\"brz-css-1ql84z2 brz-css-6mwda4 brz-wrapper\">\n<div class=\"brz-spacer brz-css-m75kc7 brz-css-akshm6\"><\/div>\n<\/div>\n<div id=\"\" class=\"brz-css-1ql84z2 brz-css-1dc05g brz-wrapper\">\n<div class=\"brz-rich-text brz-rich-text__custom brz-css-1movs99\" data-brz-custom-id=\"xpnkiwfagwtrzjiskoukbbvbswcldulwfrme\">\n<div data-brz-translate-text=\"1\">\n<p class=\"brz-tp-lg-paragraph brz-text-lg-right brz-text-xs-center brz-css-r3Z5U\" data-generated-css=\"brz-css-wmynp\" data-uniq-id=\"mhkcv\"><span class=\"brz-cp-color2\">Text und Fotos<\/span><\/p>\n<p class=\"brz-tp-lg-paragraph brz-text-lg-right brz-text-xs-center brz-css-pX_O0\" data-generated-css=\"brz-css-dxedn\" data-uniq-id=\"hrsxp\"><em class=\"brz-cp-color2\">Tim Kunkowski, TU M\u00fcnchen<\/em><\/p>\n<\/div>\n<\/div>\n<\/div>\n<div id=\"\" class=\"brz-css-1ql84z2 brz-css-6mwda4 brz-wrapper\">\n<div class=\"brz-spacer brz-css-m75kc7 brz-css-1wl1hp1\"><\/div>\n<\/div>\n<div id=\"\" class=\"brz-css-1ql84z2 brz-css-1gt264o brz-wrapper\">\n<div class=\"brz-rich-text brz-rich-text__custom brz-css-1movs99\" data-brz-custom-id=\"nbiyzbuhszevdodcgsxoesstocrpyyfcyajg\">\n<div data-brz-translate-text=\"1\">\n<p class=\"brz-text-xs-center brz-tp-lg-paragraph brz-text-lg-right brz-css-vSFu3\" data-generated-css=\"brz-css-angtb\" data-uniq-id=\"rwaak\"><a class=\"link--upload\" href=\"https:\/\/regulus-waldholz.de\/wp-content\/uploads\/2023\/11\/PM-News_ISAR_Kick_Off.pdf\" data-brz-link-type=\"upload\"><u>Pressemitteilung<\/u><\/a><\/p>\n<\/div>\n<\/div>\n<\/div>\n<\/div>\n<\/div>\n<\/div>\n<\/div>\n<div id=\"\" class=\"brz-css-1ql84z2 brz-css-6mwda4 brz-wrapper\">\n<div class=\"brz-spacer brz-css-m75kc7 brz-css-1s9v0ld\"><\/div>\n<\/div>\n<div class=\"brz-row__container brz-css-d3mstn\" data-brz-custom-id=\"pwdxknfaccelbdqlqkitfhvfoyqusnmergmb\">\n<div class=\"brz-bg\"><\/div>\n<div class=\"brz-row brz-css-gt6ddo brz-css-3set64\">\n<div class=\"brz-columns brz-css-ij26t9 brz-css-1xcidmb\" data-brz-custom-id=\"qjwibblykppbbodfmemdcmubjvsqkftgzvjk\">\n<div class=\"brz-bg\"><\/div>\n<div class=\"brz-column__items brz-css-8dag3i brz-css-1pd6gwc\">\n<div id=\"\" class=\"brz-css-1ql84z2 brz-css-9jog0a brz-wrapper\">\n<div class=\"brz-rich-text brz-rich-text__custom brz-css-1movs99\" data-brz-custom-id=\"fqmkqhpwuhvvwpefzwwjtedxdasxovkwcvrw\">\n<div data-brz-translate-text=\"1\">\n<p class=\"brz-text-xs-center brz-tp-lg-paragraph brz-css-br41_\" data-uniq-id=\"djsqf\" data-generated-css=\"brz-css-nahxc\"><span class=\"brz-cp-color7\">Vergangene Woche fand die offizielle Kickoff-Veranstaltung einer weiteren REGULUS-Innovationsgruppe statt: ISAR \u2013 Innovationsnetzwerk stoffliche Altholznutzung auf regionaler Ebene. Bei bestem Wetter trafen sich am 20.07.2023 zahlreiche Projektpartner*innen, Koordinator*innen und Nachwuchswissenschaftler*innen in Freising, um sich auszutauschen, pers\u00f6nlich kennenzulernen und die weiteren Schritte im Projektverbund gemeinsam festzulegen.<\/span><\/p>\n<p class=\"brz-text-xs-center brz-tp-lg-paragraph brz-css-t7H3D\" data-uniq-id=\"djsqf\" data-generated-css=\"brz-css-nahxc\"><span class=\"brz-cp-color7\">ISAR ist das gemeinsame Projekt der Technischen Hochschule Rosenheim (THRO), der Hochschule Weihenstephan Triesdorf (HSWT), der Bayerischen Landesanstalt f\u00fcr Wald und Forstwirtschaft (LWF), der Cluster-Initiative Forst und Holz in Bayern gGmbH (CIFH) sowie der Technischen Universit\u00e4t M\u00fcnchen (TUM). Zus\u00e4tzlich begleiten zwei Praxispartner das Projekt mit ihrer jahrelangen Expertise: die Franz Obermeier GmbH sowie die Landpack GmbH. Dar\u00fcber hinaus konnten die Firmen Pfleiderer &amp; Gr\u00fcne Engel, Siempelkamp Maschinen- und Anlagenbau GmbH sowie die UPM Biochemicals GmbH als assoziierte Partnerinnen gewonnen werden.<\/span><\/p>\n<\/div>\n<\/div>\n<\/div>\n<\/div>\n<\/div>\n<div class=\"brz-columns brz-css-ij26t9\" data-brz-custom-id=\"veomhdjsocybmprjxtbykoqtnxdpvtfswviw\">\n<div class=\"brz-bg\"><\/div>\n<div class=\"brz-column__items brz-css-8dag3i brz-css-1qd7b4q\">\n<div id=\"\" class=\"brz-css-1ql84z2 brz-css-165lqa1 brz-wrapper\">\n<div class=\"brz-rich-text brz-rich-text__custom brz-css-1movs99\" data-brz-custom-id=\"uyychgairakxeqskqukwcytddbobejmcfmxc\">\n<div data-brz-translate-text=\"1\">\n<p class=\"brz-text-xs-center brz-tp-lg-paragraph brz-css-j8Abp\" data-uniq-id=\"dsfns\" data-generated-css=\"brz-css-crrvu\"><span class=\"brz-cp-color7\">In Zukunft werden im ISAR Projekt mit Hilfe der zahlreichen und vielf\u00e4ltigen Projektpartner*innen wichtige Fragen rund um Altholz diskutiert und erforscht: von der detailgenauen Analyse des regionalen Altholzaufkommens, der Wahrnehmung und Akzeptanz von Altholzprodukten, \u00fcber innovative Verwendungszwecke bis hin zu neuartigen Verarbeitungsverfahren, etwa unter Zuhilfenahme von speziellen Pilzen. Das Projekt ISAR leistet hiermit einen wichtigen Beitrag zur REGULUS-Forschungsinitiative des Bundesministeriums f\u00fcr Bildung und Forschung (BMBF) und \u00f6ffnet die Diskussion um die nachhaltige Nutzung eines bisher vernachl\u00e4ssigten Rohstoffs. ISAR zeichnet sich dabei durch seinen inter- und transdisziplin\u00e4ren Charakter aus, welcher in vielf\u00e4ltigen und innovativen Arbeitspaketen und Forschungsfragen seinen Ausdruck findet.&nbsp;<\/span><\/p>\n<p class=\"brz-text-xs-center brz-tp-lg-paragraph brz-css-dF0ON\" data-uniq-id=\"dsfns\" data-generated-css=\"brz-css-crrvu\"><span class=\"brz-cp-color7\">F\u00fcr weitere Informationen zum Projekt, den Kooperationspartner*innen sowie der REGULUS-Forschung als Teil der Forschung f\u00fcr Nachhaltigkeit (FONA), kontaktieren Sie uns gerne \u00fcber www.regulus-waldholz.de. Wir freuen uns auf Ihren Input und darauf, Ihnen schon bald die ersten Ergebnisse aus diesem spannenden Projekt pr\u00e4sentieren zu k\u00f6nnen.<\/span><\/p>\n<\/div>\n<\/div>\n<\/div>\n<\/div>\n<\/div>\n<\/div>\n<\/div>\n<\/div>\n<\/div>\n<\/section>\n<\/div>\n<p>    <!-- version:1737013459 --><\/p>","protected":false},"excerpt":{"rendered":"<p>Zur\u00fcck Offizieller Startschuss f\u00fcr die REGULUS-Innovationsgruppe ISAR Teilnehmende der ISAR Auftaktveranstaltung auf dem Campus der TU M\u00fcnchen in Weihenstephan\/Freising am 20.07.2023. Artikelinfo Text und Fotos Tim Kunkowski, TU M\u00fcnchen Pressemitteilung Vergangene Woche fand die offizielle Kickoff-Veranstaltung einer weiteren REGULUS-Innovationsgruppe statt: ISAR \u2013 Innovationsnetzwerk stoffliche Altholznutzung auf regionaler Ebene. Bei bestem Wetter trafen sich am 20.07.2023 [&hellip;]<\/p>\n","protected":false},"author":2,"featured_media":18512,"comment_status":"open","ping_status":"open","sticky":false,"template":"brizy-blank-template.php","format":"standard","meta":{"footnotes":""},"categories":[1],"tags":[],"class_list":["post-5418","post","type-post","status-publish","format-standard","has-post-thumbnail","hentry","category-uncategorized","entry","has-media"],"yoast_head":"<!-- This site is optimized with the Yoast SEO plugin v27.5 - https:\/\/yoast.com\/product\/yoast-seo-wordpress\/ -->\n<title>Offizieller Startschuss f\u00fcr die REGULUS-Innovationsgruppe ISAR | REGULUS<\/title>\n<meta name=\"robots\" content=\"index, follow, max-snippet:-1, max-image-preview:large, max-video-preview:-1\" \/>\n<link rel=\"canonical\" href=\"https:\/\/regulus-waldholz.de\/en\/offizieller-startschuss-fuer-die-regulus-innovationsgruppe-isar\/\" \/>\n<meta property=\"og:locale\" content=\"en_GB\" \/>\n<meta property=\"og:type\" content=\"article\" \/>\n<meta property=\"og:title\" content=\"Offizieller Startschuss f\u00fcr die REGULUS-Innovationsgruppe ISAR | REGULUS\" \/>\n<meta property=\"og:description\" content=\"Zur\u00fcck Offizieller Startschuss f\u00fcr die REGULUS-Innovationsgruppe ISAR Teilnehmende der ISAR Auftaktveranstaltung auf dem Campus der TU M\u00fcnchen in Weihenstephan\/Freising am 20.07.2023. Artikelinfo Text und Fotos Tim Kunkowski, TU M\u00fcnchen Pressemitteilung Vergangene Woche fand die offizielle Kickoff-Veranstaltung einer weiteren REGULUS-Innovationsgruppe statt: ISAR \u2013 Innovationsnetzwerk stoffliche Altholznutzung auf regionaler Ebene. Bei bestem Wetter trafen sich am 20.07.2023 [&hellip;]\" \/>\n<meta property=\"og:url\" content=\"https:\/\/regulus-waldholz.de\/en\/offizieller-startschuss-fuer-die-regulus-innovationsgruppe-isar\/\" \/>\n<meta property=\"og:site_name\" content=\"REGULUS\" \/>\n<meta property=\"article:published_time\" content=\"2023-07-20T09:00:27+00:00\" \/>\n<meta property=\"article:modified_time\" content=\"2026-04-06T19:12:54+00:00\" \/>\n<meta property=\"og:image\" content=\"https:\/\/regulus-waldholz.de\/wp-content\/uploads\/2023\/11\/Kick-off-ISAR-1.webp\" \/>\n\t<meta property=\"og:image:width\" content=\"1227\" \/>\n\t<meta property=\"og:image:height\" content=\"604\" \/>\n\t<meta property=\"og:image:type\" content=\"image\/webp\" \/>\n<meta name=\"author\" content=\"Nima Nosrati\" \/>\n<meta name=\"twitter:card\" content=\"summary_large_image\" \/>\n<meta name=\"twitter:label1\" content=\"Written by\" \/>\n\t<meta name=\"twitter:data1\" content=\"Nima Nosrati\" \/>\n\t<meta name=\"twitter:label2\" content=\"Estimated reading time\" \/>\n\t<meta name=\"twitter:data2\" content=\"3 minutes\" \/>\n<script type=\"application\/ld+json\" class=\"yoast-schema-graph\">{\"@context\":\"https:\\\/\\\/schema.org\",\"@graph\":[{\"@type\":\"Article\",\"@id\":\"https:\\\/\\\/regulus-waldholz.de\\\/en\\\/offizieller-startschuss-fuer-die-regulus-innovationsgruppe-isar\\\/#article\",\"isPartOf\":{\"@id\":\"https:\\\/\\\/regulus-waldholz.de\\\/en\\\/offizieller-startschuss-fuer-die-regulus-innovationsgruppe-isar\\\/\"},\"author\":{\"name\":\"Nima Nosrati\",\"@id\":\"https:\\\/\\\/regulus-waldholz.de\\\/#\\\/schema\\\/person\\\/8f60535b4f35a85f3762705e79c21b43\"},\"headline\":\"Offizieller Startschuss f\u00fcr die REGULUS-Innovationsgruppe ISAR\",\"datePublished\":\"2023-07-20T09:00:27+00:00\",\"dateModified\":\"2026-04-06T19:12:54+00:00\",\"mainEntityOfPage\":{\"@id\":\"https:\\\/\\\/regulus-waldholz.de\\\/en\\\/offizieller-startschuss-fuer-die-regulus-innovationsgruppe-isar\\\/\"},\"wordCount\":331,\"commentCount\":0,\"publisher\":{\"@id\":\"https:\\\/\\\/regulus-waldholz.de\\\/#organization\"},\"image\":{\"@id\":\"https:\\\/\\\/regulus-waldholz.de\\\/en\\\/offizieller-startschuss-fuer-die-regulus-innovationsgruppe-isar\\\/#primaryimage\"},\"thumbnailUrl\":\"https:\\\/\\\/regulus-waldholz.de\\\/wp-content\\\/uploads\\\/2023\\\/11\\\/Kick-off-ISAR-1.webp\",\"articleSection\":[\"Uncategorized\"],\"inLanguage\":\"en-GB\",\"potentialAction\":[{\"@type\":\"CommentAction\",\"name\":\"Comment\",\"target\":[\"https:\\\/\\\/regulus-waldholz.de\\\/en\\\/offizieller-startschuss-fuer-die-regulus-innovationsgruppe-isar\\\/#respond\"]}]},{\"@type\":\"WebPage\",\"@id\":\"https:\\\/\\\/regulus-waldholz.de\\\/en\\\/offizieller-startschuss-fuer-die-regulus-innovationsgruppe-isar\\\/\",\"url\":\"https:\\\/\\\/regulus-waldholz.de\\\/en\\\/offizieller-startschuss-fuer-die-regulus-innovationsgruppe-isar\\\/\",\"name\":\"Offizieller Startschuss f\u00fcr die REGULUS-Innovationsgruppe ISAR | REGULUS\",\"isPartOf\":{\"@id\":\"https:\\\/\\\/regulus-waldholz.de\\\/#website\"},\"primaryImageOfPage\":{\"@id\":\"https:\\\/\\\/regulus-waldholz.de\\\/en\\\/offizieller-startschuss-fuer-die-regulus-innovationsgruppe-isar\\\/#primaryimage\"},\"image\":{\"@id\":\"https:\\\/\\\/regulus-waldholz.de\\\/en\\\/offizieller-startschuss-fuer-die-regulus-innovationsgruppe-isar\\\/#primaryimage\"},\"thumbnailUrl\":\"https:\\\/\\\/regulus-waldholz.de\\\/wp-content\\\/uploads\\\/2023\\\/11\\\/Kick-off-ISAR-1.webp\",\"datePublished\":\"2023-07-20T09:00:27+00:00\",\"dateModified\":\"2026-04-06T19:12:54+00:00\",\"breadcrumb\":{\"@id\":\"https:\\\/\\\/regulus-waldholz.de\\\/en\\\/offizieller-startschuss-fuer-die-regulus-innovationsgruppe-isar\\\/#breadcrumb\"},\"inLanguage\":\"en-GB\",\"potentialAction\":[{\"@type\":\"ReadAction\",\"target\":[\"https:\\\/\\\/regulus-waldholz.de\\\/en\\\/offizieller-startschuss-fuer-die-regulus-innovationsgruppe-isar\\\/\"]}]},{\"@type\":\"ImageObject\",\"inLanguage\":\"en-GB\",\"@id\":\"https:\\\/\\\/regulus-waldholz.de\\\/en\\\/offizieller-startschuss-fuer-die-regulus-innovationsgruppe-isar\\\/#primaryimage\",\"url\":\"https:\\\/\\\/regulus-waldholz.de\\\/wp-content\\\/uploads\\\/2023\\\/11\\\/Kick-off-ISAR-1.webp\",\"contentUrl\":\"https:\\\/\\\/regulus-waldholz.de\\\/wp-content\\\/uploads\\\/2023\\\/11\\\/Kick-off-ISAR-1.webp\",\"width\":1227,\"height\":604,\"caption\":\"Beitrag_ISAR_KickOff.webp\"},{\"@type\":\"BreadcrumbList\",\"@id\":\"https:\\\/\\\/regulus-waldholz.de\\\/en\\\/offizieller-startschuss-fuer-die-regulus-innovationsgruppe-isar\\\/#breadcrumb\",\"itemListElement\":[{\"@type\":\"ListItem\",\"position\":1,\"name\":\"Startseite\",\"item\":\"https:\\\/\\\/regulus-waldholz.de\\\/\"},{\"@type\":\"ListItem\",\"position\":2,\"name\":\"Offizieller Startschuss f\u00fcr die REGULUS-Innovationsgruppe ISAR\"}]},{\"@type\":\"WebSite\",\"@id\":\"https:\\\/\\\/regulus-waldholz.de\\\/#website\",\"url\":\"https:\\\/\\\/regulus-waldholz.de\\\/\",\"name\":\"REGULUS\",\"description\":\"Offizielle Seite des REGULUS-Projekts\",\"publisher\":{\"@id\":\"https:\\\/\\\/regulus-waldholz.de\\\/#organization\"},\"potentialAction\":[{\"@type\":\"SearchAction\",\"target\":{\"@type\":\"EntryPoint\",\"urlTemplate\":\"https:\\\/\\\/regulus-waldholz.de\\\/?s={search_term_string}\"},\"query-input\":{\"@type\":\"PropertyValueSpecification\",\"valueRequired\":true,\"valueName\":\"search_term_string\"}}],\"inLanguage\":\"en-GB\"},{\"@type\":\"Organization\",\"@id\":\"https:\\\/\\\/regulus-waldholz.de\\\/#organization\",\"name\":\"REGULUS\",\"url\":\"https:\\\/\\\/regulus-waldholz.de\\\/\",\"logo\":{\"@type\":\"ImageObject\",\"inLanguage\":\"en-GB\",\"@id\":\"https:\\\/\\\/regulus-waldholz.de\\\/#\\\/schema\\\/logo\\\/image\\\/\",\"url\":\"\",\"contentUrl\":\"\",\"caption\":\"REGULUS\"},\"image\":{\"@id\":\"https:\\\/\\\/regulus-waldholz.de\\\/#\\\/schema\\\/logo\\\/image\\\/\"}},{\"@type\":\"Person\",\"@id\":\"https:\\\/\\\/regulus-waldholz.de\\\/#\\\/schema\\\/person\\\/8f60535b4f35a85f3762705e79c21b43\",\"name\":\"Nima Nosrati\",\"image\":{\"@type\":\"ImageObject\",\"inLanguage\":\"en-GB\",\"@id\":\"\\\/\\\/regulus-waldholz.de\\\/wp-content\\\/uploads\\\/wpforo\\\/avatars\\\/nnosrati_2.jpg\",\"url\":\"\\\/\\\/regulus-waldholz.de\\\/wp-content\\\/uploads\\\/wpforo\\\/avatars\\\/nnosrati_2.jpg\",\"contentUrl\":\"\\\/\\\/regulus-waldholz.de\\\/wp-content\\\/uploads\\\/wpforo\\\/avatars\\\/nnosrati_2.jpg\",\"caption\":\"Nima Nosrati\"},\"sameAs\":[\"https:\\\/\\\/www.harlapp.de\\\/\"]}]}<\/script>\n<!-- \/ Yoast SEO plugin. -->","yoast_head_json":{"title":"Offizieller Startschuss f\u00fcr die REGULUS-Innovationsgruppe ISAR | REGULUS","robots":{"index":"index","follow":"follow","max-snippet":"max-snippet:-1","max-image-preview":"max-image-preview:large","max-video-preview":"max-video-preview:-1"},"canonical":"https:\/\/regulus-waldholz.de\/en\/offizieller-startschuss-fuer-die-regulus-innovationsgruppe-isar\/","og_locale":"en_GB","og_type":"article","og_title":"Offizieller Startschuss f\u00fcr die REGULUS-Innovationsgruppe ISAR | REGULUS","og_description":"Zur\u00fcck Offizieller Startschuss f\u00fcr die REGULUS-Innovationsgruppe ISAR Teilnehmende der ISAR Auftaktveranstaltung auf dem Campus der TU M\u00fcnchen in Weihenstephan\/Freising am 20.07.2023. Artikelinfo Text und Fotos Tim Kunkowski, TU M\u00fcnchen Pressemitteilung Vergangene Woche fand die offizielle Kickoff-Veranstaltung einer weiteren REGULUS-Innovationsgruppe statt: ISAR \u2013 Innovationsnetzwerk stoffliche Altholznutzung auf regionaler Ebene. Bei bestem Wetter trafen sich am 20.07.2023 [&hellip;]","og_url":"https:\/\/regulus-waldholz.de\/en\/offizieller-startschuss-fuer-die-regulus-innovationsgruppe-isar\/","og_site_name":"REGULUS","article_published_time":"2023-07-20T09:00:27+00:00","article_modified_time":"2026-04-06T19:12:54+00:00","og_image":[{"width":1227,"height":604,"url":"https:\/\/regulus-waldholz.de\/wp-content\/uploads\/2023\/11\/Kick-off-ISAR-1.webp","type":"image\/webp"}],"author":"Nima Nosrati","twitter_card":"summary_large_image","twitter_misc":{"Written by":"Nima Nosrati","Estimated reading time":"3 minutes"},"schema":{"@context":"https:\/\/schema.org","@graph":[{"@type":"Article","@id":"https:\/\/regulus-waldholz.de\/en\/offizieller-startschuss-fuer-die-regulus-innovationsgruppe-isar\/#article","isPartOf":{"@id":"https:\/\/regulus-waldholz.de\/en\/offizieller-startschuss-fuer-die-regulus-innovationsgruppe-isar\/"},"author":{"name":"Nima Nosrati","@id":"https:\/\/regulus-waldholz.de\/#\/schema\/person\/8f60535b4f35a85f3762705e79c21b43"},"headline":"Offizieller Startschuss f\u00fcr die REGULUS-Innovationsgruppe ISAR","datePublished":"2023-07-20T09:00:27+00:00","dateModified":"2026-04-06T19:12:54+00:00","mainEntityOfPage":{"@id":"https:\/\/regulus-waldholz.de\/en\/offizieller-startschuss-fuer-die-regulus-innovationsgruppe-isar\/"},"wordCount":331,"commentCount":0,"publisher":{"@id":"https:\/\/regulus-waldholz.de\/#organization"},"image":{"@id":"https:\/\/regulus-waldholz.de\/en\/offizieller-startschuss-fuer-die-regulus-innovationsgruppe-isar\/#primaryimage"},"thumbnailUrl":"https:\/\/regulus-waldholz.de\/wp-content\/uploads\/2023\/11\/Kick-off-ISAR-1.webp","articleSection":["Uncategorized"],"inLanguage":"en-GB","potentialAction":[{"@type":"CommentAction","name":"Comment","target":["https:\/\/regulus-waldholz.de\/en\/offizieller-startschuss-fuer-die-regulus-innovationsgruppe-isar\/#respond"]}]},{"@type":"WebPage","@id":"https:\/\/regulus-waldholz.de\/en\/offizieller-startschuss-fuer-die-regulus-innovationsgruppe-isar\/","url":"https:\/\/regulus-waldholz.de\/en\/offizieller-startschuss-fuer-die-regulus-innovationsgruppe-isar\/","name":"Offizieller Startschuss f\u00fcr die REGULUS-Innovationsgruppe ISAR | REGULUS","isPartOf":{"@id":"https:\/\/regulus-waldholz.de\/#website"},"primaryImageOfPage":{"@id":"https:\/\/regulus-waldholz.de\/en\/offizieller-startschuss-fuer-die-regulus-innovationsgruppe-isar\/#primaryimage"},"image":{"@id":"https:\/\/regulus-waldholz.de\/en\/offizieller-startschuss-fuer-die-regulus-innovationsgruppe-isar\/#primaryimage"},"thumbnailUrl":"https:\/\/regulus-waldholz.de\/wp-content\/uploads\/2023\/11\/Kick-off-ISAR-1.webp","datePublished":"2023-07-20T09:00:27+00:00","dateModified":"2026-04-06T19:12:54+00:00","breadcrumb":{"@id":"https:\/\/regulus-waldholz.de\/en\/offizieller-startschuss-fuer-die-regulus-innovationsgruppe-isar\/#breadcrumb"},"inLanguage":"en-GB","potentialAction":[{"@type":"ReadAction","target":["https:\/\/regulus-waldholz.de\/en\/offizieller-startschuss-fuer-die-regulus-innovationsgruppe-isar\/"]}]},{"@type":"ImageObject","inLanguage":"en-GB","@id":"https:\/\/regulus-waldholz.de\/en\/offizieller-startschuss-fuer-die-regulus-innovationsgruppe-isar\/#primaryimage","url":"https:\/\/regulus-waldholz.de\/wp-content\/uploads\/2023\/11\/Kick-off-ISAR-1.webp","contentUrl":"https:\/\/regulus-waldholz.de\/wp-content\/uploads\/2023\/11\/Kick-off-ISAR-1.webp","width":1227,"height":604,"caption":"Beitrag_ISAR_KickOff.webp"},{"@type":"BreadcrumbList","@id":"https:\/\/regulus-waldholz.de\/en\/offizieller-startschuss-fuer-die-regulus-innovationsgruppe-isar\/#breadcrumb","itemListElement":[{"@type":"ListItem","position":1,"name":"Startseite","item":"https:\/\/regulus-waldholz.de\/"},{"@type":"ListItem","position":2,"name":"Offizieller Startschuss f\u00fcr die REGULUS-Innovationsgruppe ISAR"}]},{"@type":"WebSite","@id":"https:\/\/regulus-waldholz.de\/#website","url":"https:\/\/regulus-waldholz.de\/","name":"REGULUS","description":"Offizielle Seite des REGULUS-Projekts","publisher":{"@id":"https:\/\/regulus-waldholz.de\/#organization"},"potentialAction":[{"@type":"SearchAction","target":{"@type":"EntryPoint","urlTemplate":"https:\/\/regulus-waldholz.de\/?s={search_term_string}"},"query-input":{"@type":"PropertyValueSpecification","valueRequired":true,"valueName":"search_term_string"}}],"inLanguage":"en-GB"},{"@type":"Organization","@id":"https:\/\/regulus-waldholz.de\/#organization","name":"REGULUS","url":"https:\/\/regulus-waldholz.de\/","logo":{"@type":"ImageObject","inLanguage":"en-GB","@id":"https:\/\/regulus-waldholz.de\/#\/schema\/logo\/image\/","url":"","contentUrl":"","caption":"REGULUS"},"image":{"@id":"https:\/\/regulus-waldholz.de\/#\/schema\/logo\/image\/"}},{"@type":"Person","@id":"https:\/\/regulus-waldholz.de\/#\/schema\/person\/8f60535b4f35a85f3762705e79c21b43","name":"Nima Nosrati","image":{"@type":"ImageObject","inLanguage":"en-GB","@id":"\/\/regulus-waldholz.de\/wp-content\/uploads\/wpforo\/avatars\/nnosrati_2.jpg","url":"\/\/regulus-waldholz.de\/wp-content\/uploads\/wpforo\/avatars\/nnosrati_2.jpg","contentUrl":"\/\/regulus-waldholz.de\/wp-content\/uploads\/wpforo\/avatars\/nnosrati_2.jpg","caption":"Nima Nosrati"},"sameAs":["https:\/\/www.harlapp.de\/"]}]}},"brizy_media":[{"id":18512,"url":"https:\/\/regulus-waldholz.de\/wp-content\/uploads\/2023\/11\/Kick-off-ISAR-1.webp","name":"Kick-off-ISAR-1.webp","meta":{"brizy_attachment_uid":"wp-3f68e5ec987b449e28222d63f81e5e8a.webp","brizy_post_uid":["3e80990da34dd9332455305f3b54a7f8","4ab7555d3ad5c32c1f8fa5baf508d06f"]}}],"_links":{"self":[{"href":"https:\/\/regulus-waldholz.de\/en\/wp-json\/wp\/v2\/posts\/5418","targetHints":{"allow":["GET"]}}],"collection":[{"href":"https:\/\/regulus-waldholz.de\/en\/wp-json\/wp\/v2\/posts"}],"about":[{"href":"https:\/\/regulus-waldholz.de\/en\/wp-json\/wp\/v2\/types\/post"}],"author":[{"embeddable":true,"href":"https:\/\/regulus-waldholz.de\/en\/wp-json\/wp\/v2\/users\/2"}],"replies":[{"embeddable":true,"href":"https:\/\/regulus-waldholz.de\/en\/wp-json\/wp\/v2\/comments?post=5418"}],"version-history":[{"count":0,"href":"https:\/\/regulus-waldholz.de\/en\/wp-json\/wp\/v2\/posts\/5418\/revisions"}],"wp:featuredmedia":[{"embeddable":true,"href":"https:\/\/regulus-waldholz.de\/en\/wp-json\/wp\/v2\/media\/18512"}],"wp:attachment":[{"href":"https:\/\/regulus-waldholz.de\/en\/wp-json\/wp\/v2\/media?parent=5418"}],"wp:term":[{"taxonomy":"category","embeddable":true,"href":"https:\/\/regulus-waldholz.de\/en\/wp-json\/wp\/v2\/categories?post=5418"},{"taxonomy":"post_tag","embeddable":true,"href":"https:\/\/regulus-waldholz.de\/en\/wp-json\/wp\/v2\/tags?post=5418"}],"curies":[{"name":"wp","href":"https:\/\/api.w.org\/{rel}","templated":true}]}}